{"id":135,"count":1,"description":"","link":"https:\/\/yalpertem.com\/blog\/tag\/postmodernizm-ya-da-gec-kapitalizmin-kulturel-mantigi\/","name":"postmodernizm ya da ge\u00e7 kapitalizmin k\u00fclt\u00fcrel mant\u0131\u011f\u0131","slug":"postmodernizm-ya-da-gec-kapitalizmin-kulturel-mantigi","taxonomy":"post_tag","meta":[],"_links":{"self":[{"href":"https:\/\/yalpertem.com\/blog\/wp-json\/wp\/v2\/tags\/135","targetHints":{"allow":["GET"]}}],"collection":[{"href":"https:\/\/yalpertem.com\/blog\/wp-json\/wp\/v2\/tags"}],"about":[{"href":"https:\/\/yalpertem.com\/blog\/wp-json\/wp\/v2\/taxonomies\/post_tag"}],"wp:post_type":[{"href":"https:\/\/yalpertem.com\/blog\/wp-json\/wp\/v2\/posts?tags=135"}],"curies":[{"name":"wp","href":"https:\/\/api.w.org\/{rel}","templated":true}]}}