{"id":830,"date":"2018-01-09T20:59:47","date_gmt":"2018-01-09T18:59:47","guid":{"rendered":"http:\/\/yalpertem.com\/blog\/?p=830"},"modified":"2018-01-09T20:59:47","modified_gmt":"2018-01-09T18:59:47","slug":"george-perec-sehre-bakan-aylak","status":"publish","type":"post","link":"https:\/\/yalpertem.com\/blog\/2018\/01\/09\/george-perec-sehre-bakan-aylak\/","title":{"rendered":"Perec, \u015eehre Bakan Aylak \u00dczerine"},"content":{"rendered":"<p><img data-recalc-dims=\"1\" loading=\"lazy\" decoding=\"async\" data-attachment-id=\"78\" data-permalink=\"https:\/\/yalpertem.com\/blog\/2016\/11\/19\/romandaki-adam\/uyuyan-adam\/\" data-orig-file=\"https:\/\/i0.wp.com\/yalpertem.com\/blog\/wp-content\/uploads\/2016\/11\/uyuyan-adam.jpg?fit=399%2C600&amp;ssl=1\" data-orig-size=\"399,600\" data-comments-opened=\"1\" data-image-meta=\"{&quot;aperture&quot;:&quot;0&quot;,&quot;credit&quot;:&quot;&quot;,&quot;camera&quot;:&quot;&quot;,&quot;caption&quot;:&quot;&quot;,&quot;created_timestamp&quot;:&quot;0&quot;,&quot;copyright&quot;:&quot;&quot;,&quot;focal_length&quot;:&quot;0&quot;,&quot;iso&quot;:&quot;0&quot;,&quot;shutter_speed&quot;:&quot;0&quot;,&quot;title&quot;:&quot;&quot;,&quot;orientation&quot;:&quot;0&quot;}\" data-image-title=\"uyuyan-adam\" data-image-description=\"\" data-image-caption=\"\" data-large-file=\"https:\/\/i0.wp.com\/yalpertem.com\/blog\/wp-content\/uploads\/2016\/11\/uyuyan-adam.jpg?fit=399%2C600&amp;ssl=1\" class=\"size-medium wp-image-78 alignleft\" src=\"https:\/\/i0.wp.com\/yalpertem.com\/blog\/wp-content\/uploads\/2016\/11\/uyuyan-adam.jpg?resize=200%2C300\" alt=\"\" width=\"200\" height=\"300\" srcset=\"https:\/\/i0.wp.com\/yalpertem.com\/blog\/wp-content\/uploads\/2016\/11\/uyuyan-adam.jpg?resize=200%2C300&amp;ssl=1 200w, https:\/\/i0.wp.com\/yalpertem.com\/blog\/wp-content\/uploads\/2016\/11\/uyuyan-adam.jpg?w=399&amp;ssl=1 399w\" sizes=\"auto, (max-width: 200px) 100vw, 200px\" \/>&#8220;Sen bir aylak, bir uyurgezersin, bir istiridyesin. Tan\u0131mlar saatlere, g\u00fcnlere g\u00f6re de\u011fi\u015fiyor ama ta\u015f\u0131d\u0131klar\u0131 anlam az \u00e7ok belli: Ya\u015faman\u0131n, harekete ge\u00e7menin, bir \u015fey yapman\u0131n pek sana g\u00f6re olmad\u0131\u011f\u0131n\u0131 hissediyorsun; sadece s\u00fcr\u00fcp gitmek istiyorsun, sadece bekleyi\u015fi ve unutu\u015fu istiyorsun.<\/p>\n<p>Modern ya\u015fam bu t\u00fcr e\u011filimleri genelde pek ho\u015f kar\u015f\u0131lamaz. \u00c7evrende her zaman eyleme, b\u00fcy\u00fck tasar\u0131lara, co\u015fkuya ayr\u0131cal\u0131k tan\u0131nd\u0131\u011f\u0131n\u0131 g\u00f6rd\u00fcn: \u00f6ne at\u0131lan adam, g\u00f6zlerini ufka dikmi\u015f adam, dimdik ileriye bakan adam. P\u0131r\u0131l p\u0131r\u0131l bak\u0131\u015f, kararl\u0131 \u00e7ene, kendinden emin y\u00fcr\u00fcy\u00fc\u015f, kar\u0131n i\u00e7erde. Kararl\u0131l\u0131k, giri\u015fkenlik, ses getiren hareket ve zafer, son derece \u00f6rnek bir ya\u015fam\u0131n son derece berrak yolunu g\u00f6sterir, ya\u015fam m\u00fccadelesinin pek sayg\u0131de\u011fer resimlerini \u00e7izerler. Yerinde sayanlar\u0131n ve bata\u011fa saplananlar\u0131n d\u00fc\u015flerini s\u00fcsleyen pek k\u0131ymetli yalanlar, ihmal edilen binlerce ki\u015finin yitik hayalleri, \u00e7ok ge\u00e7 gelmi\u015f olanlar, valizlerini kald\u0131r\u0131ma koyup terlerini silmek i\u00e7in \u00fcst\u00fcne oturanlar. Ama senin \u00f6z\u00fcrlere, pi\u015fmanl\u0131klara, nostaljilere ihtiyac\u0131n yok. Sen hi\u00e7bir \u015feyi d\u0131\u015flam\u0131yor, hi\u00e7bir \u015feyi reddetmiyorsun. \u0130lerlemekten vazge\u00e7tin, ama zaten ilerlemiyordun ki, yeniden yola \u00e7\u0131km\u0131yorsun, vard\u0131n sen, daha uza\u011fa gidip de ne yapaca\u011f\u0131n\u0131 kestiremiyorsun: Bir \u015feylerin k\u0131r\u0131lmas\u0131, de\u011fi\u015fmesi, \u00e7\u00f6z\u00fclmesi i\u00e7in ve b\u00f6ylece bu d\u00fc\u015f k\u0131r\u0131c\u0131, bir e\u015fek k\u00fcl\u00e2h\u0131 kadar g\u00fcl\u00fcn\u00e7 ve can s\u0131k\u0131c\u0131, bir Gaffiot s\u00f6zl\u00fc\u011f\u00fc kadar a\u011f\u0131r hakikatin g\u00fcn \u0131\u015f\u0131\u011f\u0131na \u00e7\u0131kmas\u0131 i\u00e7in -ne var ki\u00a0Saint Honor\u00e9 soka\u011f\u0131ndaki hizmet\u00e7i odas\u0131 asla yeterince g\u00fcn \u0131\u015f\u0131\u011f\u0131 almaz- havan\u0131n \u00e7ok s\u0131cak oldu\u011fu bir May\u0131s g\u00fcn\u00fc, ucunu ka\u00e7\u0131rd\u0131\u011f\u0131n bir metnin, tad\u0131 birden ac\u0131la\u015fan bir fincan neskafenin ve i\u00e7inde alt\u0131 adet \u00e7orab\u0131n y\u00fczd\u00fc\u011f\u00fc, siyah\u0131ms\u0131 bir suyla dolu pembe plastik bir le\u011fenin uygunsuzca bir araya geli\u015fi yetti, yetti say\u0131l\u0131r. Ne bir \u015feylerin ard\u0131nda ko\u015fma, ne kendini koruma, ne de sald\u0131rma iste\u011fi duyuyorsun.<\/p>\n<p>Dostlar\u0131n b\u0131kt\u0131 art\u0131k, kap\u0131n\u0131 \u00e7alm\u0131yorlar. Onlarla kar\u015f\u0131la\u015fabilece\u011fin sokaklarda pek y\u00fcr\u00fcm\u00fcyorsun art\u0131k. Sorulardan, rastlant\u0131 eseri kar\u015f\u0131na \u00e7\u0131kan birinin bak\u0131\u015flar\u0131ndan ka\u00e7\u0131yor, sana \u0131smarlamak istedi\u011fi biray\u0131 ya da kahveyi kabul etmiyorsun. Sadece gece ve odan, \u00fcst\u00fcne uzand\u0131\u011f\u0131n dar sedir, her an yeniden ke\u015ffetti\u011fin tavan seni koruyor; geceleyin, Grands Boulevards&#8217;\u0131n kalabal\u0131\u011f\u0131 ortas\u0131nda tek ba\u015f\u0131nayken, g\u00fcr\u00fclt\u00fclerden ve \u0131\u015f\u0131klardan, hareketten, unutu\u015ftan zaman zaman adeta mutlu oluyorsun. Biriyle konu\u015fmaya, bir \u015fey istemeye ihtiyac\u0131n yok. R\u00e9publique&#8217;ten Madelaine&#8217;e, Madelaine&#8217;den R\u00e9publique&#8217;e gidip gelen insan selini izliyorsun.&#8221;<\/p>\n<p>Georges Perec, Uyuyan Adam, \u00e7ev. Sosi Dolano\u011flu, Metis Yay\u0131nlar\u0131, 2016 [1967], 4. bas\u0131m, s. 18-9.<\/p>\n","protected":false},"excerpt":{"rendered":"<p>&#8220;Sen bir aylak, bir uyurgezersin, bir istiridyesin. Tan\u0131mlar saatlere, g\u00fcnlere g\u00f6re de\u011fi\u015fiyor ama ta\u015f\u0131d\u0131klar\u0131 anlam az \u00e7ok belli: Ya\u015faman\u0131n, harekete ge\u00e7menin, bir \u015fey yapman\u0131n pek sana g\u00f6re olmad\u0131\u011f\u0131n\u0131 hissediyorsun; sadece s\u00fcr\u00fcp gitmek istiyorsun, sadece bekleyi\u015fi ve unutu\u015fu istiyorsun. Modern ya\u015fam bu t\u00fcr e\u011filimleri genelde pek ho\u015f kar\u015f\u0131lamaz. \u00c7evrende her zaman eyleme, b\u00fcy\u00fck tasar\u0131lara, co\u015fkuya ayr\u0131cal\u0131k &hellip; <a href=\"https:\/\/yalpertem.com\/blog\/2018\/01\/09\/george-perec-sehre-bakan-aylak\/\" class=\"more-link\">Continue reading <span class=\"screen-reader-text\">Perec, \u015eehre Bakan Aylak \u00dczerine<\/span><\/a><\/p>\n","protected":false},"author":1,"featured_media":0,"comment_status":"open","ping_status":"open","sticky":false,"template":"","format":"standard","meta":{"_jetpack_memberships_contains_paid_content":false,"footnotes":""},"categories":[33,222,8],"tags":[79,80],"class_list":["post-830","post","type-post","status-publish","format-standard","hentry","category-alinti","category-kent","category-roman","tag-georges-perec","tag-uyuyan-adam"],"aioseo_notices":[],"jetpack_featured_media_url":"","jetpack_sharing_enabled":true,"jetpack_shortlink":"https:\/\/wp.me\/p9WYIs-do","jetpack-related-posts":[{"id":1674,"url":"https:\/\/yalpertem.com\/blog\/2018\/06\/04\/demiralp-benjamin-ve-pasajlar-ve-kent-ve-aylak\/","url_meta":{"origin":830,"position":0},"title":"Demiralp, Benjamin ve Pasajlar ve Kent ve Aylak","author":"yalpertem","date":"4 June 2018","format":false,"excerpt":"O\u011fuz Demiralp'in 49'a par\u00e7alad\u0131\u011f\u0131 denemesinden a\u015fa\u011f\u0131daki al\u0131nt\u0131 par\u00e7a Benjamin'in Pasajlar metninin tamamlanamam\u0131\u015f al\u0131nt\u0131-kitapl\u0131\u011f\u0131ndan yazar\u0131n kent ve aylak tasavvurlar\u0131na do\u011fru bir iz s\u00fcr\u00fcyor. (Onun kendi par\u00e7alad\u0131\u011f\u0131 yerden bir ad\u0131m \u00f6nce par\u00e7alay\u0131p birle\u015ftirdim al\u0131nt\u0131y\u0131). Ba\u015f kahraman Baudelaire'in yan\u0131 s\u0131ra Poe ve Auster de var Demiralp'in okudu\u011fu ba\u011flant\u0131lar aras\u0131nda, Auster'i neden bu kadar\u2026","rel":"","context":"In &quot;al\u0131nt\u0131&quot;","block_context":{"text":"al\u0131nt\u0131","link":"https:\/\/yalpertem.com\/blog\/category\/alinti\/"},"img":{"alt_text":"","src":"https:\/\/i0.wp.com\/yalpertem.com\/blog\/wp-content\/uploads\/2018\/06\/o%C4%9Fuz-demiralp-tanr%C4%B1-bak%C4%B1%C5%9Fl%C4%B1-%C3%A7ocuk-190x300.jpg?resize=350%2C200","width":350,"height":200},"classes":[]},{"id":66,"url":"https:\/\/yalpertem.com\/blog\/2016\/11\/19\/romandaki-adam\/","url_meta":{"origin":830,"position":1},"title":"Edebiyattaki Adam","author":"yalpertem","date":"19 November 2016","format":"image","excerpt":"\"Adam\" kelimesinin t\u00fcm pejoratif anlamlar\u0131na ve kullan\u0131mlar\u0131na ra\u011fmen, bitik, ma\u011frur, uyuyan, ilk, niteliksiz, l\u00fczumsuz, y\u0131k\u0131ma giden, kabuk, karanl\u0131ktaki, aylak, \u00f6len, kopyalanm\u0131\u015f, g\u00f6r\u00fcnmez, yava\u015f, g\u00f6lge, g\u00f6r\u00fclmeyen ve utanmaz Romandaki adam t\u00fcm transparanl\u0131\u011f\u0131na ra\u011fmen bir g\u00f6r\u00fclme veya g\u00f6r\u00fclmedi\u011fini s\u00f6yleme d\u00f6kerek tan\u0131nma gayreti i\u00e7inde. Bir yandan da yoklu\u011funu veya tali varolu\u015funu baz\u0131 i\u00e7e\u2026","rel":"","context":"In &quot;edebiyat&quot;","block_context":{"text":"edebiyat","link":"https:\/\/yalpertem.com\/blog\/category\/edebiyat\/"},"img":{"alt_text":"bitik-adam-papini","src":"https:\/\/i0.wp.com\/yalpertem.com\/blog\/wp-content\/uploads\/2016\/11\/bitik-adam-1-210x300.jpg?resize=350%2C200","width":350,"height":200},"classes":[]},{"id":633,"url":"https:\/\/yalpertem.com\/blog\/2017\/11\/30\/goodchild-deleuze-nietzsche-guc-istenci-beden-ve-soykutuk-uzerine\/","url_meta":{"origin":830,"position":2},"title":"Goodchild, Deleuze &#038; Nietzsche: G\u00fc\u00e7 \u0130stenci, Beden ve Soyk\u00fct\u00fck \u00dczerine","author":"yalpertem","date":"30 November 2017","format":false,"excerpt":"Philip Goodchild, bu pasajda Nietzsche'nin g\u00fc\u00e7 istenci, beden tasavvuru ve soyk\u00fct\u00fck y\u00f6ntemi gibi baz\u0131 temel kavramlar\u0131n\u0131 Deleuze'\u00fcn nas\u0131l okudu\u011funu anlat\u0131yor. Deleuze \u00fczerine yorumlar\u0131nda s\u0131k\u00e7a tekrarlanan \"kuvvet\" vurgusuyla ba\u011fl\u0131yor bu kavramlar\u0131. \u00d6zellikle soyk\u00fct\u00fc\u011fe dair yorumunda tarihselcili\u011fi co\u011frafyac\u0131 bir anlay\u0131\u015fla yerinden edi\u015fi, bir s\u0131\u00e7rama etkisi yaratt\u0131 benim Nietzsche'nin bu y\u00f6ntemini ve Deleuze'deki\u2026","rel":"","context":"In &quot;al\u0131nt\u0131&quot;","block_context":{"text":"al\u0131nt\u0131","link":"https:\/\/yalpertem.com\/blog\/category\/alinti\/"},"img":{"alt_text":"","src":"https:\/\/i0.wp.com\/yalpertem.com\/blog\/wp-content\/uploads\/2017\/11\/deleuze-guattari-arzu-politikas%C4%B1na-giris-200x300.jpg?resize=350%2C200","width":350,"height":200},"classes":[]},{"id":1265,"url":"https:\/\/yalpertem.com\/blog\/2018\/04\/25\/le-breton-kent-yuruyusu\/","url_meta":{"origin":830,"position":3},"title":"Le Breton, Kent Y\u00fcr\u00fcy\u00fc\u015f\u00fc","author":"yalpertem","date":"25 April 2018","format":false,"excerpt":"\" Bir kentte yolunu bulamamak \u00e7ok da \u00f6nemli de\u011fildir. Ama bir kentte bir ormanda kaybolur gibi kaybolmak i\u00e7in e\u011fitimli olmak gerekir. Sokak adlar\u0131n\u0131n kaybolan ki\u015fiye \u00e7at\u0131rdayan kuru dallar\u0131n diliyle hitap etmesi gerekir ve kent i\u00e7indeki k\u00fc\u00e7\u00fck sokaklar bu ki\u015fiye g\u00fcn\u00fcn saatlerini bir da\u011fdaki vadi kadar a\u00e7\u0131k se\u00e7ik bi\u00e7imde yans\u0131tmal\u0131d\u0131r. Walter\u2026","rel":"","context":"In &quot;al\u0131nt\u0131&quot;","block_context":{"text":"al\u0131nt\u0131","link":"https:\/\/yalpertem.com\/blog\/category\/alinti\/"},"img":{"alt_text":"","src":"https:\/\/i0.wp.com\/yalpertem.com\/blog\/wp-content\/uploads\/2018\/04\/david-le-breton-y%C3%BCr%C3%BCmeye-%C3%B6vg%C3%BC-208x300.jpg?resize=350%2C200","width":350,"height":200},"classes":[]},{"id":3292,"url":"https:\/\/yalpertem.com\/blog\/2020\/03\/23\/lerner-ironi-ve-samimiyet-2204\/","url_meta":{"origin":830,"position":4},"title":"Lerner, \u0130roni ve Samimiyet: 22:04","author":"yalpertem","date":"23 March 2020","format":false,"excerpt":"Birka\u00e7 ay \u00f6nce, bir \u00f6dev i\u00e7in, bir kitap yaz\u0131s\u0131 \u00fczerine yaz\u0131 yazmay\u0131 denemi\u015ftim. Yaz\u0131 \u00e7ok k\u00f6t\u00fc oldu ama en az\u0131ndan bana Ben Lerner ve ironi bir d\u00fc\u015f\u00fcnme f\u0131rsat\u0131 verdi. Vaktim k\u0131sa oldu\u011fu i\u00e7in \"okuma\" f\u0131rsat\u0131 veremedi. \u0130roni ve samimiyet \u00fczerine okuduk\u00e7a buraya par\u00e7alar eklemek istiyorum. Kitap ele\u015ftirisini yazan Darmin Hadzibegovi\u00e7\u2026","rel":"","context":"In &quot;okuma notlar\u0131&quot;","block_context":{"text":"okuma notlar\u0131","link":"https:\/\/yalpertem.com\/blog\/category\/ders-notlari\/"},"img":{"alt_text":"","src":"https:\/\/i0.wp.com\/yalpertem.com\/blog\/wp-content\/uploads\/2018\/11\/ben-lerner-22_04-194x300.jpg?resize=350%2C200","width":350,"height":200},"classes":[]},{"id":285,"url":"https:\/\/yalpertem.com\/blog\/2017\/09\/04\/perec-gezinmek-uzerine\/","url_meta":{"origin":830,"position":5},"title":"Perec, Gezinmek \u00dczerine","author":"yalpertem","date":"4 September 2017","format":false,"excerpt":"\"Sokaklarda s\u00fcrt\u00fcyor, bir sinemaya giriyorsun; sokaklarda s\u00fcrt\u00fcyor, bir kahveye giriyorsun; sokaklarda s\u00fcrt\u00fcyor, Seine Nehri'ne, kasak d\u00fckk\u00e2nlar\u0131na, trenlere, afi\u015flere, insanlara bak\u0131yorsun. Sokaklarda s\u00fcrt\u00fcyor, bir sinemaya giriyor ve orada az \u00f6nce g\u00f6rd\u00fc\u011f\u00fcne benzer bir film g\u00f6r\u00fcyorsun; fazla ak\u0131ll\u0131 bir beyefendi taraf\u0131ndan anlat\u0131lan ayn\u0131 al\u0131k\u00e7a hik\u00e2ye, incelik ve m\u00fczik dolu, sonra ara oluyor;\u2026","rel":"","context":"In &quot;al\u0131nt\u0131&quot;","block_context":{"text":"al\u0131nt\u0131","link":"https:\/\/yalpertem.com\/blog\/category\/alinti\/"},"img":{"alt_text":"","src":"https:\/\/i0.wp.com\/yalpertem.com\/blog\/wp-content\/uploads\/2017\/09\/uyuyan-adam-georges-perec-200x300.jpg?resize=350%2C200","width":350,"height":200},"classes":[]}],"amp_enabled":true,"_links":{"self":[{"href":"https:\/\/yalpertem.com\/blog\/wp-json\/wp\/v2\/posts\/830","targetHints":{"allow":["GET"]}}],"collection":[{"href":"https:\/\/yalpertem.com\/blog\/wp-json\/wp\/v2\/posts"}],"about":[{"href":"https:\/\/yalpertem.com\/blog\/wp-json\/wp\/v2\/types\/post"}],"author":[{"embeddable":true,"href":"https:\/\/yalpertem.com\/blog\/wp-json\/wp\/v2\/users\/1"}],"replies":[{"embeddable":true,"href":"https:\/\/yalpertem.com\/blog\/wp-json\/wp\/v2\/comments?post=830"}],"version-history":[{"count":0,"href":"https:\/\/yalpertem.com\/blog\/wp-json\/wp\/v2\/posts\/830\/revisions"}],"wp:attachment":[{"href":"https:\/\/yalpertem.com\/blog\/wp-json\/wp\/v2\/media?parent=830"}],"wp:term":[{"taxonomy":"category","embeddable":true,"href":"https:\/\/yalpertem.com\/blog\/wp-json\/wp\/v2\/categories?post=830"},{"taxonomy":"post_tag","embeddable":true,"href":"https:\/\/yalpertem.com\/blog\/wp-json\/wp\/v2\/tags?post=830"}],"curies":[{"name":"wp","href":"https:\/\/api.w.org\/{rel}","templated":true}]}}