{"id":7112,"date":"2024-08-07T05:27:00","date_gmt":"2024-08-07T03:27:00","guid":{"rendered":"https:\/\/yalpertem.com\/blog\/?p=7112"},"modified":"2025-08-07T06:02:51","modified_gmt":"2025-08-07T04:02:51","slug":"kendi-kendine-konusana-deli-derler","status":"publish","type":"post","link":"https:\/\/yalpertem.com\/blog\/2024\/08\/07\/kendi-kendine-konusana-deli-derler\/","title":{"rendered":"kendi kendine konu\u015fana deli derler"},"content":{"rendered":"<p>kendi kendine konu\u015fana neden deli derler<\/p>\n","protected":false},"excerpt":{"rendered":"<p>kendi kendine konu\u015fana neden deli derler<\/p>\n","protected":false},"author":1,"featured_media":0,"comment_status":"open","ping_status":"open","sticky":false,"template":"","format":"standard","meta":{"_jetpack_memberships_contains_paid_content":false,"footnotes":""},"categories":[13],"tags":[],"class_list":["post-7112","post","type-post","status-publish","format-standard","hentry","category-denemetin"],"aioseo_notices":[],"jetpack_featured_media_url":"","jetpack_sharing_enabled":true,"jetpack_shortlink":"https:\/\/wp.me\/p9WYIs-1QI","jetpack-related-posts":[{"id":1051,"url":"https:\/\/yalpertem.com\/blog\/2018\/03\/10\/it-sektoru-ve-izohips-kapaklar\/","url_meta":{"origin":7112,"position":0},"title":"IT Sekt\u00f6r\u00fc ve \u0130zohips Kitap Kapaklar\u0131","author":"yalpertem","date":"10 March 2018","format":false,"excerpt":"T\u00fcrkiye'de bili\u015fim sekt\u00f6r\u00fcn\u00fc, internetin devreye giri\u015fini anlatmak i\u00e7in neden en kullan\u0131\u015fl\u0131 ara\u00e7 izohips haritalar? \u0130zohips y\u00fckselti farklar\u0131n\u0131 konu edinirken, bu kapaklardaki varolu\u015f \u00e7izgi \u00e7izgi b\u00f6l\u00fcnm\u00fc\u015f, s\u00fcrekli kendi \u00e7emberine ula\u015fan insanl\u0131\u011fa m\u0131 tekab\u00fcl ediyor? Her bir hatta kendine geri d\u00f6nen k\u0131s\u0131rd\u00f6ng\u00fc. Di\u011fer \u00e7emberlere de yak\u0131n fakat asla de\u011femeyen. Asl\u0131nda Castells'in \"a\u011f\u2026","rel":"","context":"In &quot;genel&quot;","block_context":{"text":"genel","link":"https:\/\/yalpertem.com\/blog\/category\/genel\/"},"img":{"alt_text":"","src":"https:\/\/i0.wp.com\/yalpertem.com\/blog\/wp-content\/uploads\/2018\/03\/geert-lovink-sosyal-medyanin-dipsiz-kuyusu-205x300.jpg?resize=350%2C200","width":350,"height":200},"classes":[]},{"id":5046,"url":"https:\/\/yalpertem.com\/blog\/2022\/06\/06\/gurbuz-kiyamet-emeklisi-notlar-3\/","url_meta":{"origin":7112,"position":1},"title":"G\u00fcrb\u00fcz, K\u0131yamet Emeklisi | Notlar 3","author":"yalpertem","date":"6 June 2022","format":false,"excerpt":"[183-234] Sonbahar geliyor, Baba biraz celalli. Bir g\u00fcl\u00fcp bir tersliyor Aziz'i ve bac\u0131lar\u0131. Kendini k\u00fc\u00e7\u00fcltme e\u011fitimi a\u011f\u0131r i\u015flerle devam ediyor. Baba'n\u0131n o zamanki ruh halinden mi yoksa e\u011fitimin bir par\u00e7as\u0131 olan Aziz'i yok sayma ve zorlama niyetinden mi tam belli de\u011fil. Baba ile m\u00fccadele ona bir sinme, sessizlik, kendi i\u00e7ine\u2026","rel":"","context":"In &quot;genel&quot;","block_context":{"text":"genel","link":"https:\/\/yalpertem.com\/blog\/category\/genel\/"},"img":{"alt_text":"","src":"","width":0,"height":0},"classes":[]},{"id":986,"url":"https:\/\/yalpertem.com\/blog\/2018\/03\/08\/blanchot-alintilamanin-elestirisi\/","url_meta":{"origin":7112,"position":2},"title":"Blanchot, Al\u0131nt\u0131laman\u0131n Ele\u015ftirisi ve Yazar\u0131n H\u00e2li","author":"yalpertem","date":"8 March 2018","format":false,"excerpt":"Benim bu blog'a al\u0131nt\u0131lar ta\u015f\u0131rken i\u00e7ine girdi\u011fim ve \u00e7\u0131kmaya \u00e7abalad\u0131\u011f\u0131m baz\u0131 \u00e7\u0131kmazlar var. B\u00f6ylesi bir alan a\u00e7madaki ilk niyetim \u015f\u00f6yleydi: g\u00fcn\u00fcm\u00fczde \u00fcretilen ve payla\u015f\u0131lan g\u00f6rsel, i\u015fitsel ve yaz\u0131nsal i\u00e7erikler kimi zaman ge\u00e7mi\u015fte hali haz\u0131rda \u00fcretilmi\u015flerin k\u00f6t\u00fc kopyalar\u0131, az biraz de\u011fi\u015ftirilmi\u015f yutturmacalar\u0131, ilk metinlerin \u00fczerine d\u00fc\u015f\u00fcnce veya estetik bir art\u0131 de\u011fer\u2026","rel":"","context":"In &quot;al\u0131nt\u0131&quot;","block_context":{"text":"al\u0131nt\u0131","link":"https:\/\/yalpertem.com\/blog\/category\/alinti\/"},"img":{"alt_text":"","src":"https:\/\/i0.wp.com\/yalpertem.com\/blog\/wp-content\/uploads\/2018\/03\/maurice-blanchot-felaket-yazisi-198x300.jpg?resize=350%2C200","width":350,"height":200},"classes":[]},{"id":466,"url":"https:\/\/yalpertem.com\/blog\/2017\/11\/12\/parnet-deleuze-yazmak-ve-yazanin-olusu-uzerine\/","url_meta":{"origin":7112,"position":3},"title":"Parnet &#038; Deleuze, Yazmak ve Yazan\u0131n (-)Olu\u015fu \u00dczerine","author":"yalpertem","date":"12 November 2017","format":false,"excerpt":"(\u00c7eviride baz\u0131 k\u0131s\u0131mlar -ilk c\u00fcmleden itibaren ve kitap boyunca- hatal\u0131 gibi g\u00f6r\u00fcn\u00fcyor fakat belki de metnin kendisi dilbilgisi kurallar\u0131ndan ka\u00e7\u0131\u015f amac\u0131ndad\u0131r, benim dilbilgim do\u011fruyu s\u00f6ylemeye ne yaz\u0131k ki yetmiyor -muhattap Ali Akay. Oldu\u011fu gibi aktar\u0131yorum.) \"\u00d6yle ki yazmak i\u00e7in ka\u00e7\u0131\u015f \u00e7izgileriyle, \u00f6z\u00fcnde, bir ili\u015fki kurmakt\u0131r. Yazmak; hayalg\u00fcc\u00fcn\u00fcn \u00fcr\u00fcn\u00fc olmayan ve\u2026","rel":"","context":"In &quot;al\u0131nt\u0131&quot;","block_context":{"text":"al\u0131nt\u0131","link":"https:\/\/yalpertem.com\/blog\/category\/alinti\/"},"img":{"alt_text":"","src":"https:\/\/i0.wp.com\/yalpertem.com\/blog\/wp-content\/uploads\/2017\/11\/diyaloglar-deleuze-parnet-208x300.jpg?resize=350%2C200","width":350,"height":200},"classes":[]},{"id":2497,"url":"https:\/\/yalpertem.com\/blog\/2019\/02\/18\/keskin-gozlemcinin-sonsuz-sonu\/","url_meta":{"origin":7112,"position":4},"title":"Keskin, G\u00f6zlemcinin Sonsuz Sonu","author":"yalpertem","date":"18 February 2019","format":false,"excerpt":"Ba\u015fkas\u0131 bamba\u015fka bir fig\u00fcre yorar elbet bu anlat\u0131c\u0131y\u0131. Benim kafamda g\u00f6zlemci var. Hayata bir t\u00fcrl\u00fc kar\u0131\u015fmayan, kar\u0131\u015famayan, seyir h\u00e2linde bekleyen yaya. Cam\u0131 a\u00e7\u0131p havaya ve seslere kar\u0131\u015famad\u0131\u011f\u0131ndan, d\u0131\u015far\u0131y\u0131 etkilememe \u00e7abas\u0131na ko\u015fut d\u0131\u015far\u0131dan etkilenmeme mecburiyeti de var. Ne olup bitecekse i\u00e7eride olmal\u0131. Merhem, ila\u00e7, sar\u0131lma, \u00f6\u011f\u00fct, destek, payla\u015fma yok. Bak\u0131\u015f nas\u0131l\u2026","rel":"","context":"In &quot;genel&quot;","block_context":{"text":"genel","link":"https:\/\/yalpertem.com\/blog\/category\/genel\/"},"img":{"alt_text":"","src":"https:\/\/i0.wp.com\/yalpertem.com\/blog\/wp-content\/uploads\/2019\/02\/birhan-keskin-yol.jpg?resize=350%2C200&ssl=1","width":350,"height":200},"classes":[]},{"id":457,"url":"https:\/\/yalpertem.com\/blog\/2017\/11\/10\/gurbilek-tasra-ve-istegin-krizi\/","url_meta":{"origin":7112,"position":5},"title":"G\u00fcrbilek, Ta\u015fra ve \u0130ste\u011fin Krizi \u00dczerine","author":"yalpertem","date":"10 November 2017","format":false,"excerpt":"\"Ben de vaatten s\u00f6z ederek ba\u015flam\u0131\u015ft\u0131m bu kitaba. Piyasan\u0131n ta\u015fraya do\u011fru geni\u015fledi\u011fi, ta\u015fran\u0131n k\u00fclt\u00fcrel alanda y\u00fckseldi\u011fi y\u0131llardan s\u00f6z ediyordum. K\u0131rda olsun \u015fehirde olsun \u00fcvey evlat muamelesi g\u00f6rm\u00fc\u015f, ta\u015fradan ibaret b\u0131rak\u0131lm\u0131\u015f her \u015feyin sonunda piyasan\u0131n imk\u00e2nlar\u0131yla bulu\u015fmas\u0131n\u0131n; uzun y\u0131llar bast\u0131r\u0131lmak zorunda kal\u0131nan bir i\u015ftah\u0131n, yabanc\u0131 topraklarda kendine g\u00fcvenmeyi \u00f6\u011frenmi\u015f bir sesin\u2026","rel":"","context":"In &quot;al\u0131nt\u0131&quot;","block_context":{"text":"al\u0131nt\u0131","link":"https:\/\/yalpertem.com\/blog\/category\/alinti\/"},"img":{"alt_text":"","src":"https:\/\/i0.wp.com\/yalpertem.com\/blog\/wp-content\/uploads\/2017\/11\/kotu-cocuk-turk-nurdan-gurbilek-214x300.png?resize=350%2C200","width":350,"height":200},"classes":[]}],"amp_enabled":true,"_links":{"self":[{"href":"https:\/\/yalpertem.com\/blog\/wp-json\/wp\/v2\/posts\/7112","targetHints":{"allow":["GET"]}}],"collection":[{"href":"https:\/\/yalpertem.com\/blog\/wp-json\/wp\/v2\/posts"}],"about":[{"href":"https:\/\/yalpertem.com\/blog\/wp-json\/wp\/v2\/types\/post"}],"author":[{"embeddable":true,"href":"https:\/\/yalpertem.com\/blog\/wp-json\/wp\/v2\/users\/1"}],"replies":[{"embeddable":true,"href":"https:\/\/yalpertem.com\/blog\/wp-json\/wp\/v2\/comments?post=7112"}],"version-history":[{"count":1,"href":"https:\/\/yalpertem.com\/blog\/wp-json\/wp\/v2\/posts\/7112\/revisions"}],"predecessor-version":[{"id":7115,"href":"https:\/\/yalpertem.com\/blog\/wp-json\/wp\/v2\/posts\/7112\/revisions\/7115"}],"wp:attachment":[{"href":"https:\/\/yalpertem.com\/blog\/wp-json\/wp\/v2\/media?parent=7112"}],"wp:term":[{"taxonomy":"category","embeddable":true,"href":"https:\/\/yalpertem.com\/blog\/wp-json\/wp\/v2\/categories?post=7112"},{"taxonomy":"post_tag","embeddable":true,"href":"https:\/\/yalpertem.com\/blog\/wp-json\/wp\/v2\/tags?post=7112"}],"curies":[{"name":"wp","href":"https:\/\/api.w.org\/{rel}","templated":true}]}}