{"id":6259,"date":"2023-06-05T05:38:39","date_gmt":"2023-06-05T03:38:39","guid":{"rendered":"https:\/\/yalpertem.com\/blog\/?p=6259"},"modified":"2023-06-06T00:09:25","modified_gmt":"2023-06-05T22:09:25","slug":"kastner-on-rejection-and-renounce","status":"publish","type":"post","link":"https:\/\/yalpertem.com\/blog\/2023\/06\/05\/kastner-on-rejection-and-renounce\/","title":{"rendered":"K\u00e4stner, on rejection and renounce"},"content":{"rendered":"<p>I read Erich K\u00e4stner&#8217;s Going to the Dogs: The Story of a Moralist after watching the movie Fabian: Going to the Dogs (2021). This quote is from a letter from Stephan, Fabian&#8217;s close friend. Some novelists have a deep understanding of the present, and they foresee the future. Not only the near future. Maybe hundred years ahead. Spoiler alert.<\/p>\n<p><em>going to the dogs = deteriorate shockingly<\/em><\/p>\n<p>&#8221;<\/p>\n<p>&#8216;Dear Jacob, I went to the University at midday today to ask about my research thesis, but the Professor was away again. Weckherlin, his assistant, was there, however, and he told me that my thesis had been turned down. The Professor had described it as totally inadequate, and said that if he passed it on to the faculty, it would only be imposing on them. He also said that there was nothing to be gained by advertising my failure. This work has taken me five years. I&#8217;ve been working for five years on something which they wish to bury in secret out of consideration for my feelings.<\/p>\n<p>&#8216;I thought of telephoning you, but I was too ashamed. I have no talent for receiving sympathy \u2013 even at that I&#8217;m no good. I realized it a short time ago, after the talk we had about Leda. You would have shown me that my misfortune was microscopically small. I should have appeared to agree with you, and we should each have been deceiving the other.<\/p>\n<p>&#8216;The rejection of my work means my ruin, materially and psychologically, but especially the latter. Leda repulsed me, and now the University does the same. On all sides I am repudiated and inadequate. That is more than my ambition can stand. That breaks me, Jacob, mind and body. It is no good citing statistics of how many great men have been unsuccessful in their studies and unhappy in their love affairs.<\/p>\n<p>&#8216;Politically, my trip to Frankfurt was a sickening failure. It ended in a free fight. When I got back yesterday, Selow was lying in bed and Ruth Reiter was here and several other women were lending a hand. And now, as I write, they are throwing tumblers and vases at each other in the next room. When I survey my present situation, I can only say that everything about it is distasteful for me. I have been expelled from the circles where I belong, and those that would accept me I do not wish to enter. Do not be angry with me, dear friend; I am leaving it all. Europe does not need me. It will survive or go under without my assistence. We live in a time when economic horse-trading can alter nothing; it can only hasten or delay the final breakdown. We stand at one of those rare turning points of history, where a new way must be found of looking at life: all else is useless. I have no longer the courage to allow myself to be made fun of by political experts who let the continent die under their hands, while they potter about with their petty remedies. I know I am right, but that is no longer enough. I have become ridiculous, a candidate for manhood who has failed in both subjects, love and work. Let me get rid of myself! The revolver I took from the Communist the other day, by the M\u00e4rkisches Museum, shall reap fresh laurels. I took it so that no harm should be done. I ought to have been a teacher, for children are the only persons ripe for ideals.<\/p>\n<p>&#8216;Well, good-bye, Jacob. I had almost written, in all seriousness, I shall often think of you. But that is all over now. Do not blame me for disappointing us so. You are the only person I ever knew and yet love. Remember me to my father and mother, and especially to\u00a0<em>your<\/em> mother. If you should happen to meet Leda, do not tell her that I was so hard hit by her unfaithfulness. Let her think I was only hurt for the moment. There is no need for everyone to know everything.<\/p>\n<p>&#8221;<\/p>\n<div class=\"csl-bib-body\">\n<div class=\"csl-entry\">K\u00e4stner, E. (2012). <i>Going to the dogs: The story of a moralist<\/i> (C. H. Brooks, Trans.). New York Review Books. p. 136-7.<\/div>\n<\/div>\n","protected":false},"excerpt":{"rendered":"<p>I read Erich K\u00e4stner&#8217;s Going to the Dogs: The Story of a Moralist after watching the movie Fabian: Going to the Dogs (2021). This quote is from a letter from Stephan, Fabian&#8217;s close friend. Some novelists have a deep understanding of the present, and they foresee the future. Not only the near future. Maybe hundred &hellip; <a href=\"https:\/\/yalpertem.com\/blog\/2023\/06\/05\/kastner-on-rejection-and-renounce\/\" class=\"more-link\">Continue reading <span class=\"screen-reader-text\">K\u00e4stner, on rejection and renounce<\/span><\/a><\/p>\n","protected":false},"author":1,"featured_media":0,"comment_status":"open","ping_status":"open","sticky":false,"template":"","format":"standard","meta":{"_jetpack_memberships_contains_paid_content":false,"footnotes":""},"categories":[781,716],"tags":[782],"class_list":["post-6259","post","type-post","status-publish","format-standard","hentry","category-germany","category-quote","tag-erich-kastner"],"aioseo_notices":[],"jetpack_featured_media_url":"","jetpack_sharing_enabled":true,"jetpack_shortlink":"https:\/\/wp.me\/p9WYIs-1CX","jetpack-related-posts":[{"id":4366,"url":"https:\/\/yalpertem.com\/blog\/2021\/08\/08\/back-to-the-film-theater-fabian\/","url_meta":{"origin":6259,"position":0},"title":"Back to the Film Theater, Fabian","author":"yalpertem","date":"8 August 2021","format":false,"excerpt":"Today, I returned to a film theater after more than a year and a half, probably the longest break since I was seven. I have been to some nice open-air cinemas lately, but those are not film theaters in terms of the audio-visual, historical, psychological, etc., qualities. The films I've\u2026","rel":"","context":"In &quot;film&quot;","block_context":{"text":"film","link":"https:\/\/yalpertem.com\/blog\/category\/film\/"},"img":{"alt_text":"","src":"https:\/\/i0.wp.com\/yalpertem.com\/blog\/wp-content\/uploads\/2021\/08\/fabian-dominik-graf-1-min-752x1024.jpg?resize=350%2C200","width":350,"height":200},"classes":[]},{"id":5249,"url":"https:\/\/yalpertem.com\/blog\/2022\/09\/17\/germanys-counter-cinemas-julia-hertag-notes\/","url_meta":{"origin":6259,"position":1},"title":"Germany&#8217;s Counter-Cinemas, Julia Hert\u00e4g (Notes)","author":"yalpertem","date":"17 September 2022","format":false,"excerpt":"I took some notes from Julia Hert\u00e4g\u2019s \u201cGermany\u2019s Counter-Cinemas\u201d article published in New Left Review. All the quotations in the notes are from the article: Hert\u00e4g, J. (2022, May\/June). Germany\u2019s Counter-Cinemas. New Left Review, 135. https:\/\/newleftreview.org\/issues\/ii135\/articles\/julia-hertag-germany-s-counter-cinemas Germany\u2019s Counter-Cinemas The author gives examples of the export-driven cinema in Germany with the\u2026","rel":"","context":"In &quot;film&quot;","block_context":{"text":"film","link":"https:\/\/yalpertem.com\/blog\/category\/film\/"},"img":{"alt_text":"","src":"https:\/\/i0.wp.com\/yalpertem.com\/blog\/wp-content\/uploads\/2022\/09\/julia-hertaeg-germanys-counter-cinemas-new-left-review-1024x624.png?resize=350%2C200","width":350,"height":200,"srcset":"https:\/\/i0.wp.com\/yalpertem.com\/blog\/wp-content\/uploads\/2022\/09\/julia-hertaeg-germanys-counter-cinemas-new-left-review-1024x624.png?resize=350%2C200 1x, https:\/\/i0.wp.com\/yalpertem.com\/blog\/wp-content\/uploads\/2022\/09\/julia-hertaeg-germanys-counter-cinemas-new-left-review-1024x624.png?resize=525%2C300 1.5x"},"classes":[]},{"id":4696,"url":"https:\/\/yalpertem.com\/blog\/2021\/12\/16\/weimar-culture-outsider-as-insider-peter-gay-notes-i\/","url_meta":{"origin":6259,"position":2},"title":"Weimar Culture: Outsider as Insider, Peter Gay | Notes I","author":"yalpertem","date":"16 December 2021","format":false,"excerpt":"Peter Gay's comprehensive account on the culture of the Weimar era (1918-1933), first published in 1968. I'll try to take notes, chapter by chapter. For general histories of the era, check out the liberal Erich Eyck and the radical Arthur Rosenberg. For political history, see Heinrich August Winkler and Hans\u2026","rel":"","context":"In &quot;notes&quot;","block_context":{"text":"notes","link":"https:\/\/yalpertem.com\/blog\/category\/notes\/"},"img":{"alt_text":"","src":"https:\/\/i0.wp.com\/yalpertem.com\/blog\/wp-content\/uploads\/2021\/12\/weimar-culture-peter-gay-min-200x300.png?resize=350%2C200","width":350,"height":200},"classes":[]},{"id":5315,"url":"https:\/\/yalpertem.com\/blog\/2022\/10\/10\/books-on-berlin-vi\/","url_meta":{"origin":6259,"position":3},"title":"Books on Berlin VI","author":"yalpertem","date":"10 October 2022","format":false,"excerpt":"F\u00f6llmer, M. (2015). Individuality and modernity in Berlin self and society from Weimar to the wall. Cambridge University Press. \"Moritz F\u00f6llmer traces the history of individuality in Berlin from the late 1920s to the construction of the Berlin Wall in August 1961. The demand to be recognised as an individual\u2026","rel":"","context":"In &quot;berlin-books&quot;","block_context":{"text":"berlin-books","link":"https:\/\/yalpertem.com\/blog\/category\/list\/berlin-books\/"},"img":{"alt_text":"","src":"https:\/\/i0.wp.com\/yalpertem.com\/blog\/wp-content\/uploads\/2022\/10\/books-on-berlin-VI-1024x768.png?resize=350%2C200","width":350,"height":200,"srcset":"https:\/\/i0.wp.com\/yalpertem.com\/blog\/wp-content\/uploads\/2022\/10\/books-on-berlin-VI-1024x768.png?resize=350%2C200 1x, https:\/\/i0.wp.com\/yalpertem.com\/blog\/wp-content\/uploads\/2022\/10\/books-on-berlin-VI-1024x768.png?resize=525%2C300 1.5x"},"classes":[]},{"id":5734,"url":"https:\/\/yalpertem.com\/blog\/2022\/12\/13\/on-rats-i-coetzee\/","url_meta":{"origin":6259,"position":4},"title":"on rats I | coetzee","author":"yalpertem","date":"13 December 2022","format":false,"excerpt":"\u2014 Quotes from John M. Coetzee's Elisabeth Costello \"In his deepest being Sultan is not interested in the banana problem. Only the experimenter's single-minded regimentation forces him to concentrate on it. The question that truly occupies him, as it occupies the rat and the cat and every other animal trapped\u2026","rel":"","context":"In &quot;quote&quot;","block_context":{"text":"quote","link":"https:\/\/yalpertem.com\/blog\/category\/quote\/"},"img":{"alt_text":"","src":"","width":0,"height":0},"classes":[]},{"id":4204,"url":"https:\/\/yalpertem.com\/blog\/2021\/05\/02\/glossary-the-weird-and-the-eerie-by-mark-fisher\/","url_meta":{"origin":6259,"position":5},"title":"Glossary: The Weird and the Eerie by Mark Fisher","author":"yalpertem","date":"2 May 2021","format":false,"excerpt":"Mark Fisher's 2016 book The Weird and the Eerie traces these two concepts in popular literature and film with the help of other popular psychological and literary concepts. If one wants to read a more theoretical and hard-to-read book that focuses on a similar terrain that has examples from deeper\u2026","rel":"","context":"In &quot;al\u0131nt\u0131&quot;","block_context":{"text":"al\u0131nt\u0131","link":"https:\/\/yalpertem.com\/blog\/category\/alinti\/"},"img":{"alt_text":"","src":"https:\/\/i0.wp.com\/yalpertem.com\/blog\/wp-content\/uploads\/2021\/05\/the-weird-and-the-eerie-mark-fisher-196x300.jpg?resize=350%2C200","width":350,"height":200},"classes":[]}],"amp_enabled":true,"_links":{"self":[{"href":"https:\/\/yalpertem.com\/blog\/wp-json\/wp\/v2\/posts\/6259","targetHints":{"allow":["GET"]}}],"collection":[{"href":"https:\/\/yalpertem.com\/blog\/wp-json\/wp\/v2\/posts"}],"about":[{"href":"https:\/\/yalpertem.com\/blog\/wp-json\/wp\/v2\/types\/post"}],"author":[{"embeddable":true,"href":"https:\/\/yalpertem.com\/blog\/wp-json\/wp\/v2\/users\/1"}],"replies":[{"embeddable":true,"href":"https:\/\/yalpertem.com\/blog\/wp-json\/wp\/v2\/comments?post=6259"}],"version-history":[{"count":7,"href":"https:\/\/yalpertem.com\/blog\/wp-json\/wp\/v2\/posts\/6259\/revisions"}],"predecessor-version":[{"id":6280,"href":"https:\/\/yalpertem.com\/blog\/wp-json\/wp\/v2\/posts\/6259\/revisions\/6280"}],"wp:attachment":[{"href":"https:\/\/yalpertem.com\/blog\/wp-json\/wp\/v2\/media?parent=6259"}],"wp:term":[{"taxonomy":"category","embeddable":true,"href":"https:\/\/yalpertem.com\/blog\/wp-json\/wp\/v2\/categories?post=6259"},{"taxonomy":"post_tag","embeddable":true,"href":"https:\/\/yalpertem.com\/blog\/wp-json\/wp\/v2\/tags?post=6259"}],"curies":[{"name":"wp","href":"https:\/\/api.w.org\/{rel}","templated":true}]}}