{"id":5899,"date":"2023-04-21T00:51:46","date_gmt":"2023-04-20T22:51:46","guid":{"rendered":"https:\/\/yalpertem.com\/blog\/?p=5899"},"modified":"2023-05-09T11:39:55","modified_gmt":"2023-05-09T09:39:55","slug":"uc-arkadasimiz","status":"publish","type":"post","link":"https:\/\/yalpertem.com\/blog\/2023\/04\/21\/uc-arkadasimiz\/","title":{"rendered":"\u00fc\u00e7 arkada\u015f\u0131m\u0131z"},"content":{"rendered":"<p>Mart ay\u0131n\u0131n sonlar\u0131na do\u011fru bir per\u015fembe ak\u015fam\u0131 saat sekizde \u00fc\u00e7 arkada\u015f bir b\u00fcfede bulu\u015ftu. Yar\u0131n i\u015f var. Her zaman oldu\u011fu gibi L. muhabbeti toparlad\u0131, sipari\u015fleri ald\u0131, sipari\u015fleri getirenlere &#8220;o bu arkada\u015f\u0131n&#8221; diye yol g\u00f6sterdi, hesab\u0131 \u00f6dedi, \u00e7ay istedi. Grubun ebeveyni. Ama o g\u00fcn d\u00f6k\u00fcld\u00fc, arkada\u015fl\u0131klar\u0131n\u0131 bir arada tutmaya \u00e7al\u0131\u015fmaktan yoruldu\u011funu duyurdu. Yemekleri gelesiye sessizle\u015ftiler, yerken de sadece tabaklar\u0131na bakt\u0131lar. Sonras\u0131nda temiz hava kendilerine getirdi. S. ba\u015fka bir konu a\u00e7t\u0131, trende tan\u0131\u015ft\u0131\u011f\u0131 biriyle ettikleri muhabbete dair \u00e7ok uzun s\u00fcren bir an\u0131s\u0131n\u0131 anlatt\u0131. O s\u0131rada y\u00fcr\u00fcy\u00fc\u015f yapt\u0131lar, minib\u00fcsle be\u015f alt\u0131 durak gittiler, sonra tekrar bir y\u00fcr\u00fcy\u00fc\u015f, merdivenlerden \u00e7\u0131k\u0131\u015f derken bir saati ge\u00e7ti. Yer yer ba\u015fka konulara sapt\u0131lar, dalland\u0131 budakland\u0131 ama bir \u015fekilde sonu geldi, komik bir hikaye olabilir. Bir daha sessizle\u015fmediler o ak\u015fam.<\/p>\n<p>Yaz ge\u00e7ti, Eyl\u00fcl&#8217;de L. ya\u015fad\u0131klar\u0131 \u015fehirden ayr\u0131ld\u0131. Di\u011ferleri araba kiralay\u0131p bu gidi\u015fi bir hafta sonu seyahatine \u00e7evirdiler. Yolda Agatha Christie&#8217;nin bri\u00e7 masas\u0131 ba\u015f\u0131nda ge\u00e7en cinayetleri tart\u0131\u015fan, me\u015fhur oyuncular\u0131n seslendirdi\u011fi radyo tiyatrosunu dinlediler, neden daha s\u0131k radyo tiyatrosu dinlemiyoruz diye konu\u015ftular, ama metni s\u00fcrekli durdurup sekteye u\u011fratt\u0131klar\u0131ndan katil ortaya \u00e7\u0131kmadan vard\u0131lar. O gece yata\u011fa yat\u0131nca hepsi merak etti Bay Shaitana&#8217;y\u0131 kimin b\u0131\u00e7aklad\u0131\u011f\u0131n\u0131. Ertesi g\u00fcn kahvalt\u0131da tart\u0131\u015ft\u0131lar, iddialar\u0131n\u0131 ortaya att\u0131lar, her biri bir Hercule Poirot kesildi. \u00d6\u011fleden sonra \u00fc\u00e7\u00fc de koltuklardan bacaklar\u0131n\u0131 sark\u0131tarak uzan\u0131p hikayenin sonunu dinlediler. Hi\u00e7birinin bilemedi\u011fi ortaya \u00e7\u0131kt\u0131, hepsi kazanm\u0131\u015f gibi hissetti, birazc\u0131k mutlu oldular. Sonra ayr\u0131l\u0131k vakti geldi, \u00fc\u00e7 ki\u015fi birbirilerine sar\u0131ld\u0131lar. Filmlerdeki \u00fc\u00e7 ki\u015filik sar\u0131lma sahnelerini yeniden oynad\u0131lar kafalar\u0131nda.<\/p>\n<p>Ge\u00e7en hafta L. \u015fehre ziyarete geldi birka\u00e7 g\u00fcnl\u00fc\u011f\u00fcne. \u0130ki y\u0131ld\u0131r pek sesi solu\u011fu \u00e7\u0131kmam\u0131\u015ft\u0131. Bu kez mevsim yaz, her \u015fey oldu\u011fundan daha hafif. Bir gece kalmal\u0131 bir tatil ayarlam\u0131\u015flar deniz k\u0131y\u0131s\u0131na yak\u0131n bir yerde. S.&#8217;nin plandan bir g\u00fcn \u00f6nce iptal edemeyece\u011fini s\u00f6yledi\u011fi bir i\u015fi \u00e7\u0131kt\u0131, gelemedi. \u00d6yle olunca ad\u0131n\u0131 unuttu\u011fum \u00fc\u00e7\u00fcnc\u00fc arkada\u015fla birlikte dola\u015ft\u0131lar. \u0130lk defa S.&#8217;nin yoklu\u011funda muhabbet ediyorlar, vakit ge\u00e7iriyorlard\u0131. L. vegan olmu\u015f; kabak, patl\u0131can, patates, biber ve kapan\u0131\u015f i\u00e7in m\u0131s\u0131r al\u0131p sahilde mangal yakt\u0131lar. Ayr\u0131l\u0131k g\u00fcnlerinden sonra ikisi de birka\u00e7 radyo tiyatrosu dinlemi\u015fler, ama ortak dinledikleri bir kay\u0131t \u00e7\u0131kmad\u0131 soru\u015fturunca. Gece boyunca nostaljiye kayd\u0131lar s\u0131k s\u0131k, birlikte ya\u015fad\u0131klar\u0131 an\u0131lar\u0131 birbirilerine anlat\u0131p durdular. G\u00fcl\u00fcp a\u011flad\u0131lar, ara ara da \u00f6ks\u00fcrd\u00fcler. \u0130ki kere g\u00f6r\u00fcnt\u00fcl\u00fc aramayla S.&#8217;ye ula\u015fmaya \u00e7al\u0131\u015ft\u0131lar ama a\u00e7mad\u0131. Onun yoklu\u011fu hem bir h\u00fcz\u00fcn ve eksiklik yaratm\u0131\u015f, hem de daha \u00f6nce ke\u015ffetmedikleri bir alana do\u011fru yol almalar\u0131n\u0131 sa\u011flam\u0131\u015f, onlar\u0131 \u00f6zg\u00fcrle\u015ftirmi\u015fti. Farkl\u0131 anlarda, &#8220;bu da g\u00fczel oldu asl\u0131nda, ba\u015f ba\u015fa muhabbet etmek&#8221; diye d\u00fc\u015f\u00fcn\u00fcp, sonra utand\u0131lar, m\u0131s\u0131rlarla foto\u011fraf \u00e7ekilip S.&#8217;ye yollad\u0131lar. Biri \u00f6tekine de\u011fersizlik hissini, di\u011feri de dayan\u0131lmaz bel a\u011fr\u0131lar\u0131n\u0131 a\u00e7t\u0131. Doktor numaralar\u0131 de\u011fi\u015f toku\u015f edildi. Ertesi g\u00fcn otogarda g\u00fcne\u015fin alt\u0131nda bu kez abart\u0131l\u0131 ne\u015feli tatilci sar\u0131lmas\u0131 yap\u0131p ayr\u0131ld\u0131lar.<\/p>\n","protected":false},"excerpt":{"rendered":"<p>Mart ay\u0131n\u0131n sonlar\u0131na do\u011fru bir per\u015fembe ak\u015fam\u0131 saat sekizde \u00fc\u00e7 arkada\u015f bir b\u00fcfede bulu\u015ftu. Yar\u0131n i\u015f var. Her zaman oldu\u011fu gibi L. muhabbeti toparlad\u0131, sipari\u015fleri ald\u0131, sipari\u015fleri getirenlere &#8220;o bu arkada\u015f\u0131n&#8221; diye yol g\u00f6sterdi, hesab\u0131 \u00f6dedi, \u00e7ay istedi. Grubun ebeveyni. Ama o g\u00fcn d\u00f6k\u00fcld\u00fc, arkada\u015fl\u0131klar\u0131n\u0131 bir arada tutmaya \u00e7al\u0131\u015fmaktan yoruldu\u011funu duyurdu. Yemekleri gelesiye sessizle\u015ftiler, yerken &hellip; <a href=\"https:\/\/yalpertem.com\/blog\/2023\/04\/21\/uc-arkadasimiz\/\" class=\"more-link\">Continue reading <span class=\"screen-reader-text\">\u00fc\u00e7 arkada\u015f\u0131m\u0131z<\/span><\/a><\/p>\n","protected":false},"author":1,"featured_media":0,"comment_status":"open","ping_status":"open","sticky":false,"template":"","format":"standard","meta":{"_jetpack_memberships_contains_paid_content":false,"footnotes":""},"categories":[13],"tags":[],"class_list":["post-5899","post","type-post","status-publish","format-standard","hentry","category-denemetin"],"aioseo_notices":[],"jetpack_featured_media_url":"","jetpack_sharing_enabled":true,"jetpack_shortlink":"https:\/\/wp.me\/p9WYIs-1x9","jetpack-related-posts":[{"id":616,"url":"https:\/\/yalpertem.com\/blog\/2017\/11\/27\/gecgin-bir-yer-aramak-uzerine\/","url_meta":{"origin":5899,"position":0},"title":"Ge\u00e7gin, Bir Yer Aramak \u00dczerine","author":"yalpertem","date":"27 November 2017","format":false,"excerpt":"\"Ba\u015f\u0131 hafiften d\u00f6n\u00fcyor, kulaklar\u0131 tutu\u015fmu\u015f gibi yan\u0131yordu. Ayr\u0131ca kula\u011f\u0131nda herhalde \u00e7evreden gelen seslerden kaynaklanmayan bir u\u011fultu s\u00fcr\u00fcp gidiyordu. Galiba h\u00e2l\u00e2 hastay\u0131m, diye d\u00fc\u015f\u00fcnd\u00fc. Ama belki daha \u00f6nce hastayd\u0131, \u015fimdi iyile\u015fiyordu. Her ko\u015fulda uzun s\u00fcredir hangisinin hastal\u0131k hangisinin iyile\u015fme oldu\u011fundan, hangisinden \u00e7\u0131k\u0131p hangisine girdi\u011finden pek emin de\u011fildi. Yola ni\u00e7in \u00e7\u0131kt\u0131\u011f\u0131n\u0131 an\u0131msamaya\u2026","rel":"","context":"In &quot;al\u0131nt\u0131&quot;","block_context":{"text":"al\u0131nt\u0131","link":"https:\/\/yalpertem.com\/blog\/category\/alinti\/"},"img":{"alt_text":"","src":"https:\/\/i0.wp.com\/yalpertem.com\/blog\/wp-content\/uploads\/2016\/12\/ayhan-gecgin-uzun-yuruyus-202x300.jpg?resize=350%2C200","width":350,"height":200},"classes":[]},{"id":282,"url":"https:\/\/yalpertem.com\/blog\/2017\/09\/04\/gurbuz-sikinti-uzerine\/","url_meta":{"origin":5899,"position":1},"title":"G\u00fcrb\u00fcz, S\u0131k\u0131nt\u0131 \u00dczerine","author":"yalpertem","date":"4 September 2017","format":false,"excerpt":"\"\u00c7ocuklu\u011fumda s\u0131k\u0131l\u0131r, s\u0131k\u0131l\u0131rd\u0131m. Yeti\u015fme \u00e7a\u011f\u0131mda biraz daha ba\u015fka t\u00fcrl\u00fc s\u0131k\u0131lmaya, bazen s\u0131k\u0131nt\u0131mdan utanmaya, bazen de s\u0131k\u0131nt\u0131mdan gururlanmaya ba\u015flad\u0131m. \u00c7\u00fcnk\u00fc \u00f6nceden s\u0131k\u0131lan bir bendim buna sebep s\u0131k\u0131lmak utan\u0131lacak bir \u015feydi. Sonra s\u0131k\u0131lanlarda bir hava ve ba\u015fkal\u0131k oldu\u011funu g\u00f6recek kadar etrafa a\u00e7\u0131l\u0131nca bunu ben de bir e\u015farp gibi, \u015fapka gibi takt\u0131m. Be\u011fenmesem\u2026","rel":"","context":"In &quot;al\u0131nt\u0131&quot;","block_context":{"text":"al\u0131nt\u0131","link":"https:\/\/yalpertem.com\/blog\/category\/alinti\/"},"img":{"alt_text":"","src":"https:\/\/i0.wp.com\/yalpertem.com\/blog\/wp-content\/uploads\/2017\/09\/oyle-miymis-sule-gurbuz-198x300.jpg?resize=350%2C200","width":350,"height":200},"classes":[]},{"id":3115,"url":"https:\/\/yalpertem.com\/blog\/2020\/03\/02\/balkis-banliyo-hattinda-yuruyus\/","url_meta":{"origin":5899,"position":2},"title":"Balk\u0131\u015f, Banliy\u00f6 Hatt\u0131nda Y\u00fcr\u00fcy\u00fc\u015f","author":"yalpertem","date":"2 March 2020","format":false,"excerpt":"'Mahvedece\u011fimiz hayat\u0131m\u0131z i\u00e7in bu bo\u015flu\u011fa ihtiyac\u0131m\u0131z var.' \u0130stanbul'un banliy\u00f6 hatt\u0131 y\u00fcr\u00fcy\u00fc\u015flerine bir katk\u0131. Al\u0131nt\u0131lanacak sayfalar s\u0131ralansa son dilimde yer alabilir yine de buradan ba\u015flamak benim i\u00e7in \u00f6zel, g\u00fczel. Baht d\u00f6n\u00fc\u015f\u00fc, peripeteia, ile yeni bir peripatetik yazar buldum [1]. T\u00fcm romanlar\u0131nda y\u00fcr\u00fcy\u00fc\u015fler var. Birinin i\u015faret etmesine izin vermeden kendisi etkilendi\u011fi yazarlar\u0131\u2026","rel":"","context":"In &quot;al\u0131nt\u0131&quot;","block_context":{"text":"al\u0131nt\u0131","link":"https:\/\/yalpertem.com\/blog\/category\/alinti\/"},"img":{"alt_text":"","src":"https:\/\/i0.wp.com\/yalpertem.com\/blog\/wp-content\/uploads\/2020\/03\/baht-d%C3%B6n%C3%BC%C5%9F%C3%BC-fatih-balk%C4%B1%C5%9F-192x300.jpg?resize=350%2C200","width":350,"height":200},"classes":[]},{"id":3202,"url":"https:\/\/yalpertem.com\/blog\/2020\/03\/04\/biberyan-beyoglunda-yilbasi\/","url_meta":{"origin":5899,"position":3},"title":"Biberyan, Beyo\u011flu&#8217;nda Y\u0131lba\u015f\u0131","author":"yalpertem","date":"4 March 2020","format":false,"excerpt":"Kar\u0131ncalar\u0131n G\u00fcnbat\u0131m\u0131'n\u0131 okuyal\u0131 bir y\u0131l kadar oldu, Biberyan'\u0131n di\u011fer romanlar\u0131na hen\u00fcz devam etmedim ama Meteliksiz A\u015f\u0131klar'\u0131 yak\u0131n\u0131mda tutuyorum, okuyaca\u011f\u0131m, \u015fiddeti s\u00fcrerse de Yaln\u0131zlar'\u0131. Her \u015feye ra\u011fmen yine bir bahar geldi, y\u00fcr\u00fcy\u00fc\u015f yollar\u0131 a\u00e7\u0131ld\u0131. Ba\u015fka bir \u0130stanbul y\u00fcr\u00fcy\u00fc\u015f\u00fc okuyunca i\u015ftah\u0131m kabard\u0131, d\u00fcn sabah biraz erken uyan\u0131nca ge\u00e7mi\u015ften bir y\u00fcr\u00fcy\u00fc\u015f pasaj\u0131 okuyay\u0131m\u2026","rel":"","context":"In &quot;al\u0131nt\u0131&quot;","block_context":{"text":"al\u0131nt\u0131","link":"https:\/\/yalpertem.com\/blog\/category\/alinti\/"},"img":{"alt_text":"","src":"https:\/\/i0.wp.com\/yalpertem.com\/blog\/wp-content\/uploads\/2020\/03\/zaven-biberyan-kar%C4%B1ncalar%C4%B1n-g%C3%BCnbat%C4%B1m%C4%B1-199x300.jpg?resize=350%2C200","width":350,"height":200},"classes":[]},{"id":1090,"url":"https:\/\/yalpertem.com\/blog\/2018\/03\/18\/auster-karakteri-tanitmak-ii-yuruyus-ve-bosluk\/","url_meta":{"origin":5899,"position":4},"title":"Auster, Karakteri Tan\u0131tmak (II) [Y\u00fcr\u00fcy\u00fc\u015f ve Bo\u015fluk]","author":"yalpertem","date":"18 March 2018","format":false,"excerpt":"\" Quinn'e gelince; ak\u0131lda tutmam\u0131z gereken fazla bir \u015fey yok. Kim oldu\u011fu, nereden geldi\u011fi ve ne yapt\u0131\u011f\u0131 fazla bir \u00f6nem ta\u015f\u0131m\u0131yor. \u00d6rne\u011fin otuz be\u015f ya\u015f\u0131nda oldu\u011funu biliyoruz. Bir kez evlendi\u011fini, bir kez baba oldu\u011funu, hem kar\u0131s\u0131n\u0131n hem de o\u011flunun hala hayatta olmad\u0131\u011f\u0131n\u0131 biliyoruz. Kitap yazm\u0131\u015f oldu\u011funu da biliyoruz. Daha kesin\u2026","rel":"","context":"In &quot;al\u0131nt\u0131&quot;","block_context":{"text":"al\u0131nt\u0131","link":"https:\/\/yalpertem.com\/blog\/category\/alinti\/"},"img":{"alt_text":"","src":"https:\/\/i0.wp.com\/yalpertem.com\/blog\/wp-content\/uploads\/2018\/03\/paul-auster-cam-kent-new-york-uclemesi-192x300.jpg?resize=350%2C200","width":350,"height":200},"classes":[]},{"id":356,"url":"https:\/\/yalpertem.com\/blog\/2017\/10\/08\/melville-bartleby-yazici-ve-acisi\/","url_meta":{"origin":5899,"position":5},"title":"Melville, Yaz\u0131c\u0131 ve Ac\u0131s\u0131 \u00dczerine","author":"yalpertem","date":"8 October 2017","format":false,"excerpt":"\"Birden Bartleby'nin masas\u0131 ilgimi \u00e7ekti. \u00c7ekmecesinin anahtar\u0131 \u00fcst\u00fcndeydi. K\u00f6t\u00fc bir niyetim yok, \u00f6yle kalpsiz bir meraki dindirmek de\u011fil derdim, diye d\u00fc\u015f\u00fcnd\u00fcm. Hem ayr\u0131ca masa benim mal\u0131m, i\u00e7indekiler de \u00f6yle olmal\u0131, onun i\u00e7in bakabilirim. Her \u015fey d\u00fczenli bir bi\u00e7imde yerle\u015ftirilmi\u015fti, k\u00e2\u011f\u0131tlar g\u00fczelce istiflenmi\u015fti. G\u00f6zler derindi; evrak dosyalar\u0131n\u0131 kald\u0131r\u0131nca i\u00e7lerini yoklad\u0131m. Az\u2026","rel":"","context":"In &quot;al\u0131nt\u0131&quot;","block_context":{"text":"al\u0131nt\u0131","link":"https:\/\/yalpertem.com\/blog\/category\/alinti\/"},"img":{"alt_text":"","src":"https:\/\/i0.wp.com\/yalpertem.com\/blog\/wp-content\/uploads\/2017\/10\/herman-melville-yazici-bartleby-198x300.jpg?resize=350%2C200","width":350,"height":200},"classes":[]}],"amp_enabled":true,"_links":{"self":[{"href":"https:\/\/yalpertem.com\/blog\/wp-json\/wp\/v2\/posts\/5899","targetHints":{"allow":["GET"]}}],"collection":[{"href":"https:\/\/yalpertem.com\/blog\/wp-json\/wp\/v2\/posts"}],"about":[{"href":"https:\/\/yalpertem.com\/blog\/wp-json\/wp\/v2\/types\/post"}],"author":[{"embeddable":true,"href":"https:\/\/yalpertem.com\/blog\/wp-json\/wp\/v2\/users\/1"}],"replies":[{"embeddable":true,"href":"https:\/\/yalpertem.com\/blog\/wp-json\/wp\/v2\/comments?post=5899"}],"version-history":[{"count":42,"href":"https:\/\/yalpertem.com\/blog\/wp-json\/wp\/v2\/posts\/5899\/revisions"}],"predecessor-version":[{"id":6177,"href":"https:\/\/yalpertem.com\/blog\/wp-json\/wp\/v2\/posts\/5899\/revisions\/6177"}],"wp:attachment":[{"href":"https:\/\/yalpertem.com\/blog\/wp-json\/wp\/v2\/media?parent=5899"}],"wp:term":[{"taxonomy":"category","embeddable":true,"href":"https:\/\/yalpertem.com\/blog\/wp-json\/wp\/v2\/categories?post=5899"},{"taxonomy":"post_tag","embeddable":true,"href":"https:\/\/yalpertem.com\/blog\/wp-json\/wp\/v2\/tags?post=5899"}],"curies":[{"name":"wp","href":"https:\/\/api.w.org\/{rel}","templated":true}]}}