{"id":5534,"date":"2022-11-12T23:10:16","date_gmt":"2022-11-12T22:10:16","guid":{"rendered":"https:\/\/yalpertem.com\/blog\/?p=5534"},"modified":"2022-11-20T01:11:52","modified_gmt":"2022-11-20T00:11:52","slug":"tekduze-90-bpm-sehir","status":"publish","type":"post","link":"https:\/\/yalpertem.com\/blog\/2022\/11\/12\/tekduze-90-bpm-sehir\/","title":{"rendered":"Tekd\u00fcze, 90 BPM (\u015eehir FM)"},"content":{"rendered":"<p><em>&#8220;Peki birka\u00e7 gecedir \u015fehirde dolanmaya ba\u015flad\u0131\u011f\u0131 s\u00f6ylenen \u015fu arabalar ger\u00e7ekten var m\u0131? Yoksa birka\u00e7 hayalperest uykusuzun uydurdu\u011fu bir palavra m\u0131? Radyoda \u015fark\u0131lar \u00e7al\u0131yor, canl\u0131 yay\u0131nlar hi\u00e7 olmad\u0131\u011f\u0131 kadar evham y\u00fckl\u00fc. S\u00f6ylentilerin asl\u0131 nedir? Ger\u00e7e\u011fin s\u0131n\u0131rlar\u0131n\u0131 kim bu kadar geni\u015fletti? \u00d6nce siren sesleri ba\u015fl\u0131yor, ambulans \u015fehrin bo\u011faz\u0131na saplanan bir han\u00e7ere d\u00f6n\u00fc\u015f\u00fcyor. Hi\u00e7 do\u011fmam\u0131\u015flar\u0131n \u00f6fkesi bula\u015f\u0131yor cinnete meyilli herkese. \u015eehir \u00e7at\u0131rdamaya ba\u015fl\u0131yor. Haf\u0131zas\u0131n\u0131 kaybetmekte \u0131srarc\u0131. Yolunu izini kaybetmi\u015f biri bula bula buray\u0131 bulmu\u015f diyecekler. Seneler sonra bunlar\u0131 anlatacaklar. Radyoda \u015fark\u0131lar \u00e7al\u0131yor. T\u00fcm bunlar\u0131n ortas\u0131nda bir radyo \u015fehre unutmamay\u0131 \u00f6\u011fretiyor.&#8221;<\/em><\/p>\n<hr \/>\n<p>Bu g\u00fczel skit&#8217;i kirletmek istemiyorum ama yine de kar\u015f\u0131la\u015fmam\u0131 payla\u015fmaktan kendimi al\u0131koyamad\u0131m. Rap dinlemeyi \u00e7ok seviyorum ama genelde tek tek \u015fark\u0131lar dinliyorum. 90 BPM&#8217;in 2019&#8217;da yay\u0131mlad\u0131\u011f\u0131 \u015eehir FM alb\u00fcm\u00fc beni farkl\u0131 yerlerden yakalad\u0131. \u0130\u00e7inde sevdi\u011fim \u00e7ok fazla \u015fey vard\u0131. Ba\u015fkas\u0131na basit gelebilir bu ilgiler: hikayecilik, \u015fehir, rap, melankoli ve dekadans. Terminolojiyi \u00f6\u011frenemedim ama &#8220;rap opera&#8221; dedikleri t\u00fcre giriyor diye d\u00fc\u015f\u00fcnm\u00fc\u015ft\u00fcm. Lise y\u0131llar\u0131nda dinledi\u011fim Bir Pesimistin G\u00f6zya\u015flar\u0131&#8217;ndan sonra s\u00fcrekli ba\u015ftan sonra dinledi\u011fim ilk alb\u00fcm olmu\u015ftu. Doruk noktas\u0131ysa bu al\u0131nt\u0131yd\u0131.<\/p>\n","protected":false},"excerpt":{"rendered":"<p>&#8220;Peki birka\u00e7 gecedir \u015fehirde dolanmaya ba\u015flad\u0131\u011f\u0131 s\u00f6ylenen \u015fu arabalar ger\u00e7ekten var m\u0131? Yoksa birka\u00e7 hayalperest uykusuzun uydurdu\u011fu bir palavra m\u0131? Radyoda \u015fark\u0131lar \u00e7al\u0131yor, canl\u0131 yay\u0131nlar hi\u00e7 olmad\u0131\u011f\u0131 kadar evham y\u00fckl\u00fc. S\u00f6ylentilerin asl\u0131 nedir? Ger\u00e7e\u011fin s\u0131n\u0131rlar\u0131n\u0131 kim bu kadar geni\u015fletti? \u00d6nce siren sesleri ba\u015fl\u0131yor, ambulans \u015fehrin bo\u011faz\u0131na saplanan bir han\u00e7ere d\u00f6n\u00fc\u015f\u00fcyor. Hi\u00e7 do\u011fmam\u0131\u015flar\u0131n \u00f6fkesi bula\u015f\u0131yor cinnete &hellip; <a href=\"https:\/\/yalpertem.com\/blog\/2022\/11\/12\/tekduze-90-bpm-sehir\/\" class=\"more-link\">Continue reading <span class=\"screen-reader-text\">Tekd\u00fcze, 90 BPM (\u015eehir FM)<\/span><\/a><\/p>\n","protected":false},"author":1,"featured_media":0,"comment_status":"open","ping_status":"open","sticky":false,"template":"","format":"standard","meta":{"_jetpack_memberships_contains_paid_content":false,"footnotes":""},"categories":[1],"tags":[],"class_list":["post-5534","post","type-post","status-publish","format-standard","hentry","category-genel"],"aioseo_notices":[],"jetpack_featured_media_url":"","jetpack_sharing_enabled":true,"jetpack_shortlink":"https:\/\/wp.me\/p9WYIs-1rg","jetpack-related-posts":[{"id":553,"url":"https:\/\/yalpertem.com\/blog\/2017\/11\/20\/gecgin-gece-uzerine\/","url_meta":{"origin":5534,"position":0},"title":"Ge\u00e7gin, Gece \u00dczerine","author":"yalpertem","date":"20 November 2017","format":false,"excerpt":"\"Aylard\u0131r gecelerimi bu radyosuz, televizyonsuz, telefonsuz evde kanepeye uzanarak ge\u00e7iriyordum. E\u011fer d\u0131\u015fardaysam korkum daha trene biner binmez ba\u015fl\u0131yordu. Neredeyse bo\u015f gece treninde -elleri ap\u0131\u015faralar\u0131nda yorgun birka\u00e7 i\u015f\u00e7i, ba\u015f\u0131 \u00f6n\u00fcne d\u00fc\u015fen bir sarho\u015f, ileri geri gidip gelen, bir koltuktan kalk\u0131p di\u011ferine oturan evsiz bir ergen- deniz boyunca sahil yoluna yak\u0131nla\u015f\u0131p uzakla\u015farak\u2026","rel":"","context":"In &quot;al\u0131nt\u0131&quot;","block_context":{"text":"al\u0131nt\u0131","link":"https:\/\/yalpertem.com\/blog\/category\/alinti\/"},"img":{"alt_text":"","src":"https:\/\/i0.wp.com\/yalpertem.com\/blog\/wp-content\/uploads\/2017\/09\/genclik-dusu-ayhan-gecgin-199x300.jpg?resize=350%2C200","width":350,"height":200},"classes":[]},{"id":1568,"url":"https:\/\/yalpertem.com\/blog\/2018\/05\/22\/canetti-vaaz-etmeyen-kafka\/","url_meta":{"origin":5534,"position":1},"title":"Canetti, Vaaz Etmeyen Kafka","author":"yalpertem","date":"22 May 2018","format":false,"excerpt":"\" Kafka'da edebiyat\u00e7\u0131l\u0131\u011f\u0131n her t\u00fcr kibri eksiktir; o asla \u00f6v\u00fcnmez, \u00f6v\u00fcnmeyi bilmez. Kendini k\u00fc\u00e7\u00fck g\u00f6r\u00fcr ve k\u00fc\u00e7\u00fck ad\u0131mlarla y\u00fcr\u00fcr. Ad\u0131m\u0131n\u0131 att\u0131\u011f\u0131 yerde, zeminin sa\u011flam olmad\u0131\u011f\u0131n\u0131 hisseder. O, insan\u0131 ta\u015f\u0131maz; onun yan\u0131nda olundu\u011funda insan\u0131 hi\u00e7bir \u015fey ta\u015f\u0131maz. B\u00f6ylece, edebiyat\u00e7\u0131lar\u0131n kand\u0131rmacas\u0131na ve b\u00f6b\u00fcrlenmesine d\u00fc\u015fmez. \u00c7ok iyi hissetti\u011fi edebiyat\u00e7\u0131 ihti\u015fam\u0131 onun kendi s\u00f6zlerinde\u2026","rel":"","context":"In &quot;al\u0131nt\u0131&quot;","block_context":{"text":"al\u0131nt\u0131","link":"https:\/\/yalpertem.com\/blog\/category\/alinti\/"},"img":{"alt_text":"","src":"https:\/\/i0.wp.com\/yalpertem.com\/blog\/wp-content\/uploads\/2018\/05\/elias-canetti-edebiyat%C3%A7%C4%B1lar-%C3%BCzerine-206x300.png?resize=350%2C200","width":350,"height":200},"classes":[]},{"id":1106,"url":"https:\/\/yalpertem.com\/blog\/2018\/03\/20\/cioran-yazi-siir-ve-bir-cesit-yasam-sanati\/","url_meta":{"origin":5534,"position":2},"title":"Cioran, Yaz\u0131, \u015eiir ve Bir \u00c7e\u015fit Ya\u015fam Sanat\u0131","author":"yalpertem","date":"20 March 2018","format":false,"excerpt":"\"B\u00fct\u00fcn fiiliyat\u0131m\u0131z\u0131n ard\u0131nda yatan \u015feyler var; psikolojik a\u00e7\u0131dan il\u00adgin\u00e7 olan da budur, sadece y\u00fczeyi biliriz, yapma taraf\u0131... Dile getiri\u00adlen \u015feyin i\u00e7ine girilir, ama \u00f6nemli olan, dile getirilmemi\u015f \u015feydir, z\u0131mni olan \u015feydir, bir davran\u0131\u015f\u0131n ya da bir s\u00f6z\u00fcn s\u0131rr\u0131. Bundan dola\u00ady\u0131 ba\u015fkalar\u0131 hakk\u0131ndaki ve kendimiz hakk\u0131ndaki yarg\u0131lar\u0131m\u0131z\u0131n bir b\u00f6l\u00fcm\u00fc yanl\u0131\u015ft\u0131r. Baya\u011f\u0131\u2026","rel":"","context":"In &quot;al\u0131nt\u0131&quot;","block_context":{"text":"al\u0131nt\u0131","link":"https:\/\/yalpertem.com\/blog\/category\/alinti\/"},"img":{"alt_text":"","src":"https:\/\/i0.wp.com\/yalpertem.com\/blog\/wp-content\/uploads\/2017\/10\/ezeli-maglup-emile-cioran-201x300.jpg?resize=350%2C200","width":350,"height":200},"classes":[]},{"id":194,"url":"https:\/\/yalpertem.com\/blog\/2017\/04\/16\/ayhan-gecgin-i-romanciyi-degerlendirmek\/","url_meta":{"origin":5534,"position":3},"title":"Ayhan Ge\u00e7gin I &#8211; Romanc\u0131y\u0131 Tart\u0131\u015fmak","author":"yalpertem","date":"16 April 2017","format":false,"excerpt":"Ko\u00e7ak'\u0131n Tehlikeli D\u00f6n\u00fc\u015fler kitab\u0131nda bahsetti\u011fi Aylak Adam ve Ayhan Ge\u00e7gin aras\u0131nda in\u015fa edilebilecek yol fikri beni Ge\u00e7gin\u2019in romanlar\u0131ndan do\u011fru uzun bir y\u00fcr\u00fcy\u00fc\u015fe \u00e7\u0131kma konusunda ayartm\u0131\u015ft\u0131. Daha \u00f6nce yakalamam imkans\u0131z gibi g\u00f6r\u00fcnen u\u00e7ucu d\u00fc\u015f\u00fcncelere bir nebze daha yakla\u015fabilmeyi ummu\u015ftum. Di\u011fer okurlar\u0131n bu romanlar\u0131 nerelerden okuduklar\u0131na dair ilgimin bir sonucu olarak Ge\u00e7gin\u2026","rel":"","context":"In &quot;ele\u015ftiri&quot;","block_context":{"text":"ele\u015ftiri","link":"https:\/\/yalpertem.com\/blog\/category\/edebiyat\/elestiri\/"},"img":{"alt_text":"","src":"","width":0,"height":0},"classes":[]},{"id":353,"url":"https:\/\/yalpertem.com\/blog\/2017\/10\/07\/gecgin-yuruyus-kendinden-onceki\/","url_meta":{"origin":5534,"position":4},"title":"Ge\u00e7gin, Y\u00fcr\u00fcy\u00fc\u015f ve Kendinden \u00d6nceki \u00dczerine","author":"yalpertem","date":"7 October 2017","format":false,"excerpt":"\"Odada oturmak, beklemek, oday\u0131 ar\u015f\u0131nlamak, kar\u015f\u0131 pencerede oturan ki\u015finin g\u00f6r\u00fcnt\u00fcs\u00fcne katlanmak olanaks\u0131zla\u015ft\u0131\u011f\u0131nda d\u0131\u015far\u0131 \u00e7\u0131k\u0131yordu. G\u00fcn \u0131\u015f\u0131\u011f\u0131 d\u00fcnyan\u0131n kesinli\u011fini geri verene kadar geceyi ge\u00e7irebilmek i\u00e7in y\u00fcr\u00fcyordu. Bu, \u0131\u015f\u0131\u011f\u0131n her zaman g\u00fcn\u00fc verece\u011fi anlam\u0131na gelmiyordu. Y\u00fcr\u00fcyen i\u00e7in g\u00fcn her zaman tehdit alt\u0131ndayd\u0131, \u0131\u015f\u0131k ertesi sabah g\u00fcn\u00fc geri vermeyebilirdi. F\u0131r\u0131nc\u0131n\u0131n, g\u00f6be\u011fi dizleri \u00fcst\u00fcnde\u2026","rel":"","context":"In &quot;al\u0131nt\u0131&quot;","block_context":{"text":"al\u0131nt\u0131","link":"https:\/\/yalpertem.com\/blog\/category\/alinti\/"},"img":{"alt_text":"","src":"https:\/\/i0.wp.com\/yalpertem.com\/blog\/wp-content\/uploads\/2017\/10\/kenarda-ayhan-gecgin-201x300.jpg?resize=350%2C200","width":350,"height":200},"classes":[]},{"id":1076,"url":"https:\/\/yalpertem.com\/blog\/2018\/03\/13\/auster-kafkanin-oyuncak-bebek-hikayesi\/","url_meta":{"origin":5534,"position":5},"title":"Auster, Kafka&#8217;n\u0131n Oyuncak Bebek Hik\u00e2yesi","author":"yalpertem","date":"13 March 2018","format":false,"excerpt":"\"Peki. Hik\u00e2ye. Oyuncak bebek hik\u00e2yesi... Kafka'n\u0131n \u00f6lmeden \u00f6nceki son y\u0131l\u0131; Polonya'daki Yahudi ailesinden ka\u00e7\u0131p Berlin'e yerle\u015fir, Dora Diamant ad\u0131nda on dokuz yirmi ya\u015flar\u0131nda bir k\u0131za \u00e2\u015f\u0131k olur. K\u0131z, Kafka'n\u0131n yar\u0131 ya\u015f\u0131ndad\u0131r; ama ona y\u0131llard\u0131r yapmak isteyip de yapamad\u0131\u011f\u0131 \u015feyi, Prag'dan ayr\u0131lma cesaretini bu k\u0131z verir ve Kafka'n\u0131n birlikte ya\u015fad\u0131\u011f\u0131 ilk\u2026","rel":"","context":"In &quot;al\u0131nt\u0131&quot;","block_context":{"text":"al\u0131nt\u0131","link":"https:\/\/yalpertem.com\/blog\/category\/alinti\/"},"img":{"alt_text":"","src":"https:\/\/i0.wp.com\/yalpertem.com\/blog\/wp-content\/uploads\/2018\/03\/paul-auster-brooklyn-cilginliklari-192x300.jpg?resize=350%2C200","width":350,"height":200},"classes":[]}],"amp_enabled":true,"_links":{"self":[{"href":"https:\/\/yalpertem.com\/blog\/wp-json\/wp\/v2\/posts\/5534","targetHints":{"allow":["GET"]}}],"collection":[{"href":"https:\/\/yalpertem.com\/blog\/wp-json\/wp\/v2\/posts"}],"about":[{"href":"https:\/\/yalpertem.com\/blog\/wp-json\/wp\/v2\/types\/post"}],"author":[{"embeddable":true,"href":"https:\/\/yalpertem.com\/blog\/wp-json\/wp\/v2\/users\/1"}],"replies":[{"embeddable":true,"href":"https:\/\/yalpertem.com\/blog\/wp-json\/wp\/v2\/comments?post=5534"}],"version-history":[{"count":7,"href":"https:\/\/yalpertem.com\/blog\/wp-json\/wp\/v2\/posts\/5534\/revisions"}],"predecessor-version":[{"id":5576,"href":"https:\/\/yalpertem.com\/blog\/wp-json\/wp\/v2\/posts\/5534\/revisions\/5576"}],"wp:attachment":[{"href":"https:\/\/yalpertem.com\/blog\/wp-json\/wp\/v2\/media?parent=5534"}],"wp:term":[{"taxonomy":"category","embeddable":true,"href":"https:\/\/yalpertem.com\/blog\/wp-json\/wp\/v2\/categories?post=5534"},{"taxonomy":"post_tag","embeddable":true,"href":"https:\/\/yalpertem.com\/blog\/wp-json\/wp\/v2\/tags?post=5534"}],"curies":[{"name":"wp","href":"https:\/\/api.w.org\/{rel}","templated":true}]}}