{"id":4314,"date":"2021-07-18T01:12:20","date_gmt":"2021-07-17T22:12:20","guid":{"rendered":"https:\/\/yalpertem.com\/blog\/?p=4314"},"modified":"2023-05-11T13:07:26","modified_gmt":"2023-05-11T11:07:26","slug":"gozlemcilik-ve-genclik-solstad","status":"publish","type":"post","link":"https:\/\/yalpertem.com\/blog\/2021\/07\/18\/gozlemcilik-ve-genclik-solstad\/","title":{"rendered":"G\u00f6zlemcilik ve Gen\u00e7lik | Solstad"},"content":{"rendered":"<p><img data-recalc-dims=\"1\" loading=\"lazy\" decoding=\"async\" data-attachment-id=\"4320\" data-permalink=\"https:\/\/yalpertem.com\/blog\/2021\/07\/18\/gozlemcilik-ve-genclik-solstad\/dag-solstad-singer\/\" data-orig-file=\"https:\/\/i0.wp.com\/yalpertem.com\/blog\/wp-content\/uploads\/2021\/07\/dag-solstad-singer.jpg?fit=330%2C512&amp;ssl=1\" data-orig-size=\"330,512\" data-comments-opened=\"1\" data-image-meta=\"{&quot;aperture&quot;:&quot;0&quot;,&quot;credit&quot;:&quot;&quot;,&quot;camera&quot;:&quot;&quot;,&quot;caption&quot;:&quot;&quot;,&quot;created_timestamp&quot;:&quot;0&quot;,&quot;copyright&quot;:&quot;&quot;,&quot;focal_length&quot;:&quot;0&quot;,&quot;iso&quot;:&quot;0&quot;,&quot;shutter_speed&quot;:&quot;0&quot;,&quot;title&quot;:&quot;&quot;,&quot;orientation&quot;:&quot;0&quot;}\" data-image-title=\"dag solstad &amp;#8211; singer\" data-image-description=\"\" data-image-caption=\"\" data-large-file=\"https:\/\/i0.wp.com\/yalpertem.com\/blog\/wp-content\/uploads\/2021\/07\/dag-solstad-singer.jpg?fit=330%2C512&amp;ssl=1\" class=\"wp-image-4320 size-full aligncenter\" src=\"https:\/\/i0.wp.com\/yalpertem.com\/blog\/wp-content\/uploads\/2021\/07\/dag-solstad-singer.jpg?resize=330%2C512\" alt=\"\" width=\"330\" height=\"512\" srcset=\"https:\/\/i0.wp.com\/yalpertem.com\/blog\/wp-content\/uploads\/2021\/07\/dag-solstad-singer.jpg?w=330&amp;ssl=1 330w, https:\/\/i0.wp.com\/yalpertem.com\/blog\/wp-content\/uploads\/2021\/07\/dag-solstad-singer.jpg?resize=193%2C300&amp;ssl=1 193w\" sizes=\"auto, (max-width: 330px) 100vw, 330px\" \/><\/p>\n<p>Ihlamurdere&#8217;nin her \u015feyi satan d\u00fckkanlar\u0131ndan ald\u0131\u011f\u0131m bantlarla kitaplar\u0131m\u0131n bir k\u0131sm\u0131n\u0131 kolilere k\u0131st\u0131r\u0131p ayr\u0131labileceklerimi -ki kitap ay\u0131rmak bana g\u00fczel bir edebiyat e\u011fitimi gibi gelmi\u015fti- sahaflara kendi ellerimle teslim ederek vedala\u015ft\u0131\u011f\u0131mdan ve okumaya al\u0131\u015ft\u0131\u011f\u0131m dilde yeni kitaplar edinmek zorla\u015ft\u0131\u011f\u0131ndan beri fiziksel kitaplarla arama mesafe girmi\u015fti. Aylarca tek bir kitap sayfas\u0131 \u00e7evirmedim, bir daha asla k\u00fct\u00fcphanem olmaz diye d\u00fc\u015f\u00fcnd\u00fcm, hala da yok, yan\u0131mdaki sekiz on kitab\u0131 bir komodinde tutuyorum. Biraz e-kitap okuyorum, genelde sesli kitap dinliyorum. Sonra bir g\u00fcn A. \u00e7ok g\u00fczel kitaplar ve Notos&#8217;un Balk\u0131\u015f\/rap say\u0131s\u0131n\u0131 g\u00f6nderdi. Kendim \u0130stiklal&#8217;de kitap\u00e7\u0131 ve sahaf dola\u015f\u0131p kitaplar se\u00e7sem hi\u00e7 bu kadar isabetli se\u00e7emezmi\u015fim. Onlar\u0131 yava\u015f yava\u015f okumaya ba\u015flad\u0131m. Me\u011fer yeni Solstad \u00e7evirisi \u00e7\u0131km\u0131\u015f, kapa\u011f\u0131 Scorsese&#8217;nin gen\u00e7li\u011finde \u00e7ekti\u011fi tra\u015f mizansenli kanl\u0131 k\u0131sa filmini hat\u0131rlat\u0131yor. \u0130\u00e7indeyse m\u00fcthi\u015f bir g\u00f6zlemci pasaj\u0131 varm\u0131\u015f. Bug\u00fcn ya da d\u00fcn ba\u015flam\u0131\u015ft\u0131m, hen\u00fcz ellili sayfalarday\u0131m. Singer&#8217;in kafas\u0131na takt\u0131\u011f\u0131 ge\u00e7mi\u015fteki o garip hatalar\u0131 ve kabaca ya\u015fam \u00f6yk\u00fcs\u00fcn\u00fc \u00f6\u011frendikten sonra onunla tren yolculu\u011funa \u00e7\u0131kt\u0131k. Yemekli vagonda da oturduk, Fars&#8217;taki tiyatro ekibi arka masam\u0131zda y\u00fcksek sesle konu\u015fuyordu.<\/p>\n<p>Bu ana dilde kitap okumaktan uzakla\u015fma sebebiyle uzun s\u00fcredir kitaptan bakarak sayfalar\u0131 blog&#8217;a ge\u00e7irmiyordum. T. Singer&#8217;da birden bir g\u00f6zlemciyle kar\u015f\u0131la\u015f\u0131nca nostaljik bir heyecan duydum, bunu kopyalamak istedim.<\/p>\n<p>&#8221;<\/p>\n<p>Bunun i\u00e7inde neler yoktu ki? Gen\u00e7li\u011fini, kendisinden utanma korkusuyla bir mitolojiye \u00e7evirmi\u015fti. Gen\u00e7li\u011fine de\u011fer katan \u015fey \u00f6zg\u00fcr se\u00e7imlerin sonu\u00e7lar\u0131 de\u011fil, gizemli kaynaklardan ortaya \u00e7\u0131kan utan\u00e7 verici durumlarda yakalanmaya kar\u015f\u0131 kendisini korumak i\u00e7in gerekli bir \u00f6nlemdi. Gen\u00e7li\u011finde tak\u0131nd\u0131\u011f\u0131 y\u0131k\u0131c\u0131 bir ya\u015fam g\u00f6zlemcisi pozunun t\u00fcm\u00fcyle ba\u011f\u0131ms\u0131z bir se\u00e7imi oldu\u011funa inanm\u0131\u015ft\u0131. Ba\u015fkalar\u0131 onu b\u00f6yle g\u00f6rm\u00fc\u015ft\u00fc. Ve bu a\u00e7\u0131dan farkl\u0131 olmak ho\u015funa gitmi\u015fti, \u00e7\u00fcnk\u00fc gen\u00e7 adamlardan g\u00f6zlemci olmalar\u0131ndan ba\u015fka her \u015fey beklenir. Ya\u015fam\u0131n y\u00fcrek par\u00e7alay\u0131c\u0131 bir reddiyesi gibi g\u00f6r\u00fcn\u00fcr bu. \u00c7\u00fcnk\u00fc insan, g\u00fczelim gen\u00e7lik y\u0131llar\u0131nda ya\u015fam\u0131n kat\u0131l\u0131mc\u0131s\u0131 olamazsa ba\u015fka ne zaman olabilir? Bir insan\u0131n gen\u00e7lik y\u0131llar\u0131n\u0131n sundu\u011fu arma\u011fanlar\u0131 al\u0131p kullanmay\u0131 reddetmesi, kendilerinden sonra gelen genli\u011fi g\u00f6zleyenleri isyan ettirir. &#8220;Edilgen gen\u00e7 adam&#8221; itici bir manzarad\u0131r ve \u00f6yle kal\u0131r; Singer de b\u00f6yle biri olmay\u0131 bilerek se\u00e7mi\u015fti. Umurunda de\u011fildi. Hi\u00e7bir \u015fey umurunda de\u011fildi. Ya\u015fam\u0131n\u0131 g\u00f6zetleyerek harc\u0131yor, bu s\u0131rada zaman ve onunla birlikte gen\u00e7lik ak\u0131p gidiyor, Singer k\u0131skan\u0131las\u0131 gen\u00e7lik anlar\u0131n\u0131 yakalamak, bu anlar\u0131n tad\u0131n\u0131 \u00e7\u0131karmak i\u00e7in k\u0131l\u0131n\u0131 bile k\u0131p\u0131rdatm\u0131yordu. Ki\u015filiksiz bir sorgulay\u0131c\u0131, benliksiz bir ya\u015fam reddiyecisi, t\u00fcm\u00fcyle olumsuz bir ruh olarak her \u015feyi neredeyse kendisini silerek g\u00f6zlemliyordu. Bunun verebilece\u011fi rahatlat\u0131c\u0131 bir \u00f6zg\u00fcrl\u00fck ya da ba\u011f\u0131ms\u0131zl\u0131k duygusunu hi\u00e7 umursamadan kendisini ak\u0131nt\u0131ya b\u0131rakm\u0131\u015ft\u0131. Ya\u015fam\u0131n uzun yolunda ki\u015filiksiz, eylemsiz bir gezgindi; \u00f6mr\u00fcn\u00fcn bahar\u0131nda y\u0131llar boyunca kambur, g\u00f6zleri yere \u00e7ivili y\u00fcr\u00fcm\u00fc\u015ft\u00fc.<\/p>\n<p>Ne olaca\u011f\u0131na karar vermeyi ba\u015faramam\u0131\u015ft\u0131 ve bu karars\u0131zl\u0131\u011f\u0131 ona belli bir zevk veriyordu. D\u0131\u015f g\u00f6r\u00fcn\u00fc\u015f\u00fcnde oldu\u011fu gibi, bir gelecek yaratma konusunda da belirsizdi. Ancak otuz bir ya\u015f\u0131na geldi\u011finde bir karar verme zaman\u0131 geldi\u011fini hissetti. O zaman onca \u015fey aras\u0131nda k\u00fct\u00fcphanecilik okuluna ba\u015flad\u0131. Gen\u00e7li\u011fi geri d\u00f6n\u00fclmezcesine geride kalm\u0131\u015ft\u0131, \u00e7\u00fcnk\u00fc her ge\u00e7en g\u00fcn Singer&#8217;i gen\u00e7 bir adam olmaktan daha \u00e7ok uzakla\u015ft\u0131r\u0131yordu; ge\u00e7en her g\u00fcnle bir g\u00fcn daha ya\u015flan\u0131yordu, evet, aynada kendi y\u00fcz\u00fcn\u00fc inceledi\u011finde sakal\u0131nda ince, gri bir \u00e7izgi g\u00f6rebiliyordu ve bir t\u00fcr karar verme zaman\u0131 gelmi\u015fti, bunun \u00fczerine k\u00fct\u00fcphanecilik okuluna ba\u015fvurdu, erkek kontenjan\u0131ndan kabul edildi. Ondan \u00f6nce \u015furada burada bir \u015feyler yapm\u0131\u015ft\u0131. Kuzey Norve\u00e7&#8217;te NATO askeri olarak askerli\u011fini yap\u0131p 20 ya\u015f\u0131nda Oslo&#8217;ya geldi\u011finden beri resmi olarak \u00f6\u011frenci stat\u00fcs\u00fcndeydi, \u00fcniversiteye yaz\u0131lm\u0131\u015ft\u0131. O sonbahar haz\u0131rl\u0131k derslerini alm\u0131\u015f, kararl\u0131 bir \u015fekilde sosyal antropolojiye ba\u015flam\u0131\u015ft\u0131. 1971&#8217;in ilkbahar\u0131yd\u0131. Bu kadar ge\u00e7 kalmas\u0131n\u0131n nedeni &#8217;70&#8217;ler denilen y\u0131llarda kendi zaman\u0131na duydu\u011fu yo\u011fun ve ate\u015fli ilgi de\u011fildi. B\u00f6yle bir ilgisi yoktu. Politik \u00e7eki\u015fmelere kendisini kapt\u0131rmam\u0131\u015ft\u0131; her kesimden arkada\u015f\u0131 vard\u0131, kendisi ise bir g\u00f6r\u00fc\u015fe e\u011filim g\u00f6stermiyordu. \u00c7\u00fcnk\u00fc yeterince ilgi duymuyordu. Ge\u00e7 kalmas\u0131n\u0131n nedeni, ekonomik a\u00e7\u0131dan kendisini ba\u011flamak ve \u00f6\u011frenci kredisi almak istememesiydi. Kendine \u00f6zg\u00fc ya\u015fam g\u00f6r\u00fc\u015f\u00fcyle Devlet&#8217;e kar\u015f\u0131 b\u00f6yle bir y\u00fck\u00fcml\u00fcl\u00fc\u011f\u00fcn alt\u0131na girmemesi gerekti\u011fini biliyordu, \u00e7\u00fcnk\u00fc o zaman ba\u011f\u0131ms\u0131zl\u0131\u011f\u0131n\u0131 yitirirdi. \u00dcstelik e\u011fitiminin bir hedefi yoktu ve Devlet&#8217;in ta kendisiyle ekonomik a\u00e7\u0131dan ba\u011flay\u0131c\u0131 bir s\u00f6zle\u015fmeye girmek i\u00e7in insan\u0131n bir hedefi olmal\u0131yd\u0131. Bu y\u00fczden ara s\u0131ra \u00e7al\u0131\u015fmas\u0131 gerekiyordu. Hedefsiz e\u011fitimin giderlerini kar\u015f\u0131lamak i\u00e7in. Her i\u015fi yapm\u0131\u015ft\u0131. Otelde gece bek\u00e7ili\u011fi, ard\u0131ndan ayn\u0131 otelde resepsiyonistlik. <em>Dagbladet\u00a0<\/em>gazetesinde son okuma. Uzun zaman western roman\u0131 \u00e7evirmeni olarak karn\u0131n\u0131 doyurdu. Tekelde sat\u0131c\u0131l\u0131k bile yapt\u0131 ve yirmi \u00fc\u00e7 ya\u015f\u0131ndan otuz d\u00f6rt ya\u015f\u0131na kadar haftada iki ak\u015fam Bjerke Hipodromu&#8217;nda bahis gi\u015fesinde \u00e7al\u0131\u015ft\u0131. Bu i\u015fleri onu i\u015fverenleriyle tan\u0131\u015ft\u0131ran \u00f6\u011frenci arac\u0131l\u0131\u011f\u0131yla bulmu\u015ftu. B\u00fct\u00fcn bu yan i\u015fler \u00f6\u011frenciler aras\u0131nda \u00e7ok tutuluyordu ve ba\u015fka \u00f6\u011frencilerin Singer&#8217;i \u00f6nermeleri, onun \u00e7evresine y\u00f6nelik -kendisini geride tutan anlam\u0131nda- arkada\u015f\u00e7a tavr\u0131yla ilgili \u00e7ok \u015fey anlat\u0131yor.<\/p>\n<p>&#8221;<\/p>\n<p>Solstad, D. (2021) [1999], <em>T. Singer<\/em>, Jaguar Kitap, s. 21-3.<\/p>\n","protected":false},"excerpt":{"rendered":"<p>Ihlamurdere&#8217;nin her \u015feyi satan d\u00fckkanlar\u0131ndan ald\u0131\u011f\u0131m bantlarla kitaplar\u0131m\u0131n bir k\u0131sm\u0131n\u0131 kolilere k\u0131st\u0131r\u0131p ayr\u0131labileceklerimi -ki kitap ay\u0131rmak bana g\u00fczel bir edebiyat e\u011fitimi gibi gelmi\u015fti- sahaflara kendi ellerimle teslim ederek vedala\u015ft\u0131\u011f\u0131mdan ve okumaya al\u0131\u015ft\u0131\u011f\u0131m dilde yeni kitaplar edinmek zorla\u015ft\u0131\u011f\u0131ndan beri fiziksel kitaplarla arama mesafe girmi\u015fti. Aylarca tek bir kitap sayfas\u0131 \u00e7evirmedim, bir daha asla k\u00fct\u00fcphanem olmaz diye &hellip; <a href=\"https:\/\/yalpertem.com\/blog\/2021\/07\/18\/gozlemcilik-ve-genclik-solstad\/\" class=\"more-link\">Continue reading <span class=\"screen-reader-text\">G\u00f6zlemcilik ve Gen\u00e7lik | Solstad<\/span><\/a><\/p>\n","protected":false},"author":1,"featured_media":0,"comment_status":"open","ping_status":"open","sticky":false,"template":"","format":"standard","meta":{"_jetpack_memberships_contains_paid_content":false,"footnotes":""},"categories":[33],"tags":[669,344,488,670],"class_list":["post-4314","post","type-post","status-publish","format-standard","hentry","category-alinti","tag-dag-solstad","tag-gozlemci","tag-karakteri-tanitmak","tag-t-singer"],"aioseo_notices":[],"jetpack_featured_media_url":"","jetpack_sharing_enabled":true,"jetpack_shortlink":"https:\/\/wp.me\/p9WYIs-17A","jetpack-related-posts":[{"id":6089,"url":"https:\/\/yalpertem.com\/blog\/2023\/04\/22\/solstad-genc-armand-ve-arkadaslarinin-film-ve-kitaplari\/","url_meta":{"origin":4314,"position":0},"title":"Solstad, Gen\u00e7 Armand ve arkada\u015flar\u0131n\u0131n film ve kitaplar\u0131","author":"yalpertem","date":"22 April 2023","format":false,"excerpt":"\u00d6zel isimler, ki\u015filer ve mekanlar epeyce farkl\u0131 olmas\u0131na ra\u011fmen kendi \u00fcniversite deneyimime tuhaf yak\u0131nl\u0131klar buldum bu paragrafta. \u00dczerime o y\u0131llarda h\u00fccum eden aceleci, \u00e7ap\u0131ndan habersiz ve ba\u015far\u0131s\u0131zl\u0131\u011fa mahkum bir bilme iste\u011fini hat\u0131rlad\u0131m. Antonioni, Ibsen, ve Kafka. Hoh. \"Ger\u00e7ekten de asl\u0131nda senin sand\u0131\u011f\u0131ndan \u00e7ok daha karma\u015f\u0131k bir \u015fey, dedi Armand haval\u0131\u2026","rel":"","context":"In &quot;al\u0131nt\u0131&quot;","block_context":{"text":"al\u0131nt\u0131","link":"https:\/\/yalpertem.com\/blog\/category\/alinti\/"},"img":{"alt_text":"","src":"https:\/\/i0.wp.com\/yalpertem.com\/blog\/wp-content\/uploads\/2023\/04\/dag-solstad-armand-v-min-663x1024.jpeg?resize=350%2C200","width":350,"height":200},"classes":[]},{"id":4337,"url":"https:\/\/yalpertem.com\/blog\/2021\/07\/27\/notlar-t-singer-dag-solstad\/","url_meta":{"origin":4314,"position":1},"title":"Notlar: T. Singer | Dag Solstad","author":"yalpertem","date":"27 July 2021","format":false,"excerpt":"T. Singer'\u0131n ilk ad\u0131 romanda ge\u00e7iyor muydu, hat\u0131rlam\u0131yorum. Onun ad\u0131 bilinse de bilinmese de roman otuzlar\u0131n\u0131n ortalar\u0131nda k\u00fct\u00fcphaneci olup Notodden kasabas\u0131na ta\u015f\u0131nan T. Singer'la a\u00e7\u0131l\u0131yor. Notodden'in n\u00fcfusu 1960'lardan kitab\u0131n yaz\u0131ld\u0131\u011f\u0131 d\u00f6neme kadar pek dalgalanmam\u0131\u015f, genelde 12-13 bin civar\u0131ndaym\u0131\u015f. Belki romandan sonra buraya g\u00f6\u00e7en birka\u00e7 ba\u015fka k\u00fct\u00fcphaneci olmu\u015ftur. B\u00f6ylesi bir romanla\u2026","rel":"","context":"In &quot;al\u0131nt\u0131&quot;","block_context":{"text":"al\u0131nt\u0131","link":"https:\/\/yalpertem.com\/blog\/category\/alinti\/"},"img":{"alt_text":"","src":"https:\/\/i0.wp.com\/yalpertem.com\/blog\/wp-content\/uploads\/2021\/07\/dag-solstad-singer.jpg?resize=350%2C200","width":350,"height":200},"classes":[]},{"id":1003,"url":"https:\/\/yalpertem.com\/blog\/2018\/03\/04\/blanchot-yazma-kitap-ve-okuma-uzerine-i\/","url_meta":{"origin":4314,"position":2},"title":"Blanchot, Yazma, Kitap ve Okuma \u00dczerine (I)","author":"yalpertem","date":"4 March 2018","format":false,"excerpt":"Bir Blanchot kitab\u0131ndan \"yaz\u0131\" \u00fczerine k\u0131sa bir pasaj al\u0131nt\u0131lamak ahmakl\u0131k. K\u00fclliyat\u0131 zaten yazmay\u0131, okumay\u0131, al\u0131nt\u0131lamay\u0131, ba\u015fka metinleri, onlar\u0131n yazarlar\u0131yla muhabbeti ku\u015fatm\u0131\u015f okur-yazardan b\u00f6ylesi bir par\u00e7a s\u00f6k\u00fcp \u00e7\u0131karmak utan\u00e7 verici. Ne okumak, ne yazmak, ne konu\u015fmak, ne var ki sadece bunlarda yatar daha \u015fimdiden s\u00f6ylenmi\u015f olandan, Bilme'den, anla\u015fmadan kurtulu\u015fumuz, verilenin belki\u2026","rel":"","context":"In &quot;al\u0131nt\u0131&quot;","block_context":{"text":"al\u0131nt\u0131","link":"https:\/\/yalpertem.com\/blog\/category\/alinti\/"},"img":{"alt_text":"","src":"https:\/\/i0.wp.com\/yalpertem.com\/blog\/wp-content\/uploads\/2018\/03\/maurice-blanchot-felaket-yazisi-198x300.jpg?resize=350%2C200","width":350,"height":200},"classes":[]},{"id":4955,"url":"https:\/\/yalpertem.com\/blog\/2022\/05\/26\/duras-yazmaktan\/","url_meta":{"origin":4314,"position":3},"title":"Duras, Yazmak&#8217;tan","author":"yalpertem","date":"26 May 2022","format":false,"excerpt":"Duras'\u0131n devam edi\u015finin itici g\u00fcc\u00fc ilk olarak yazmak ama bunun bir ad\u0131m ilerisinde de hep bir yap\u0131t -onun i\u00e7in sadece kitap var gibi- fikriymi\u015f. 'Duramayan' yazarlardan gibi g\u00f6r\u00fcn\u00fcyor bu geriye d\u00f6n\u00fck bak\u0131\u015f\u0131nda. S\u0131k s\u0131k yaln\u0131zl\u0131\u011f\u0131, sonras\u0131nda da destekleyicileri, viskiyi ve ne yazaca\u011f\u0131na dair fikri olmad\u0131\u011f\u0131ndaki sonsuz olas\u0131l\u0131klar\u0131n heyecan\u0131n\u0131 an\u0131yor. Yazman\u0131n\u2026","rel":"","context":"In &quot;al\u0131nt\u0131&quot;","block_context":{"text":"al\u0131nt\u0131","link":"https:\/\/yalpertem.com\/blog\/category\/alinti\/"},"img":{"alt_text":"","src":"https:\/\/i0.wp.com\/yalpertem.com\/blog\/wp-content\/uploads\/2022\/05\/duras-yazmak-1024x683.jpg?resize=350%2C200","width":350,"height":200,"srcset":"https:\/\/i0.wp.com\/yalpertem.com\/blog\/wp-content\/uploads\/2022\/05\/duras-yazmak-1024x683.jpg?resize=350%2C200 1x, https:\/\/i0.wp.com\/yalpertem.com\/blog\/wp-content\/uploads\/2022\/05\/duras-yazmak-1024x683.jpg?resize=525%2C300 1.5x"},"classes":[]},{"id":2440,"url":"https:\/\/yalpertem.com\/blog\/2018\/12\/22\/ceyran-kitaplar-ve-bitlerle-hayatta-kalmak\/","url_meta":{"origin":4314,"position":4},"title":"Ceyran, Kitaplar ve Bitlerle Hayatta Kalmak","author":"yalpertem","date":"22 December 2018","format":false,"excerpt":"Mehtap Ceyran'\u0131n Mevsim Yas roman\u0131nda ge\u00e7mi\u015ften g\u00fcn\u00fcm\u00fcze akan, \u015fimdilerde yer yer \u015fekil ve \u015fiddet de\u011fi\u015ftirse de ba\u015fkala\u015farak s\u00fcregiden pek \u00e7ok ac\u0131 var. Hem bu ac\u0131lara sebep olan olaylara hem de ac\u0131lar\u0131n deneyimlenme bi\u00e7imlerine dair de bir o kadar tasvir var. \u00dcrpertici bir varl\u0131k bu roman\u0131n hik\u00e2yesi. Kendini hat\u0131rlatacak herhalde uzun\u2026","rel":"","context":"In &quot;al\u0131nt\u0131&quot;","block_context":{"text":"al\u0131nt\u0131","link":"https:\/\/yalpertem.com\/blog\/category\/alinti\/"},"img":{"alt_text":"","src":"https:\/\/i0.wp.com\/yalpertem.com\/blog\/wp-content\/uploads\/2018\/12\/mehtap-ceyran-mevsim-yas.jpeg?resize=350%2C200&ssl=1","width":350,"height":200},"classes":[]},{"id":3952,"url":"https:\/\/yalpertem.com\/blog\/2021\/01\/06\/berlin-v\/","url_meta":{"origin":4314,"position":5},"title":"Berlin V","author":"yalpertem","date":"6 January 2021","format":false,"excerpt":"Hayat\u0131mda ilk defa Noel'i kutland\u0131\u011f\u0131 bir yerde ge\u00e7irdim. Sokaklarda s\u0131k s\u0131k evine \u00e7am a\u011fac\u0131 ta\u015f\u0131yan insanlarla kar\u015f\u0131la\u015ft\u0131m. Evler, daha do\u011frusu g\u00f6rebildi\u011fim kadar\u0131yla pencereler, renk renk \u0131\u015f\u0131klarla s\u00fcslendi. Bir \u015fekilde etkile\u015fime ge\u00e7ti\u011fim insanlar \u0131srarla benim de Noel'imi kutlad\u0131lar, bunun verili kabul edilmesine biraz \u015fa\u015f\u0131rd\u0131m, biraz da ho\u015fuma gitti kutlanmak, sebebi \u00f6nemli\u2026","rel":"","context":"In &quot;berlin&quot;","block_context":{"text":"berlin","link":"https:\/\/yalpertem.com\/blog\/category\/berlin\/"},"img":{"alt_text":"","src":"https:\/\/i0.wp.com\/yalpertem.com\/blog\/wp-content\/uploads\/2021\/01\/berlin-odeon-1024x768.jpg?resize=350%2C200","width":350,"height":200,"srcset":"https:\/\/i0.wp.com\/yalpertem.com\/blog\/wp-content\/uploads\/2021\/01\/berlin-odeon-1024x768.jpg?resize=350%2C200 1x, https:\/\/i0.wp.com\/yalpertem.com\/blog\/wp-content\/uploads\/2021\/01\/berlin-odeon-1024x768.jpg?resize=525%2C300 1.5x"},"classes":[]}],"amp_enabled":true,"_links":{"self":[{"href":"https:\/\/yalpertem.com\/blog\/wp-json\/wp\/v2\/posts\/4314","targetHints":{"allow":["GET"]}}],"collection":[{"href":"https:\/\/yalpertem.com\/blog\/wp-json\/wp\/v2\/posts"}],"about":[{"href":"https:\/\/yalpertem.com\/blog\/wp-json\/wp\/v2\/types\/post"}],"author":[{"embeddable":true,"href":"https:\/\/yalpertem.com\/blog\/wp-json\/wp\/v2\/users\/1"}],"replies":[{"embeddable":true,"href":"https:\/\/yalpertem.com\/blog\/wp-json\/wp\/v2\/comments?post=4314"}],"version-history":[{"count":24,"href":"https:\/\/yalpertem.com\/blog\/wp-json\/wp\/v2\/posts\/4314\/revisions"}],"predecessor-version":[{"id":6184,"href":"https:\/\/yalpertem.com\/blog\/wp-json\/wp\/v2\/posts\/4314\/revisions\/6184"}],"wp:attachment":[{"href":"https:\/\/yalpertem.com\/blog\/wp-json\/wp\/v2\/media?parent=4314"}],"wp:term":[{"taxonomy":"category","embeddable":true,"href":"https:\/\/yalpertem.com\/blog\/wp-json\/wp\/v2\/categories?post=4314"},{"taxonomy":"post_tag","embeddable":true,"href":"https:\/\/yalpertem.com\/blog\/wp-json\/wp\/v2\/tags?post=4314"}],"curies":[{"name":"wp","href":"https:\/\/api.w.org\/{rel}","templated":true}]}}