{"id":389,"date":"2017-10-22T22:29:33","date_gmt":"2017-10-22T19:29:33","guid":{"rendered":"http:\/\/yalpertem.com\/blog\/?p=389"},"modified":"2022-10-03T22:17:17","modified_gmt":"2022-10-03T20:17:17","slug":"jameson-bonaventure-oteli-ve-postmodernizm","status":"publish","type":"post","link":"https:\/\/yalpertem.com\/blog\/2017\/10\/22\/jameson-bonaventure-oteli-ve-postmodernizm\/","title":{"rendered":"Jameson, Bonaventure Oteli ve Postmodernizm"},"content":{"rendered":"<p><img data-recalc-dims=\"1\" loading=\"lazy\" decoding=\"async\" data-attachment-id=\"391\" data-permalink=\"https:\/\/yalpertem.com\/blog\/2017\/10\/22\/jameson-bonaventure-oteli-ve-postmodernizm\/jameson-postmodernizm\/\" data-orig-file=\"https:\/\/i0.wp.com\/yalpertem.com\/blog\/wp-content\/uploads\/2017\/10\/jameson-postmodernizm.jpg?fit=415%2C600&amp;ssl=1\" data-orig-size=\"415,600\" data-comments-opened=\"1\" data-image-meta=\"{&quot;aperture&quot;:&quot;0&quot;,&quot;credit&quot;:&quot;&quot;,&quot;camera&quot;:&quot;&quot;,&quot;caption&quot;:&quot;&quot;,&quot;created_timestamp&quot;:&quot;0&quot;,&quot;copyright&quot;:&quot;&quot;,&quot;focal_length&quot;:&quot;0&quot;,&quot;iso&quot;:&quot;0&quot;,&quot;shutter_speed&quot;:&quot;0&quot;,&quot;title&quot;:&quot;&quot;,&quot;orientation&quot;:&quot;0&quot;}\" data-image-title=\"jameson &amp;#8211; postmodernizm\" data-image-description=\"\" data-image-caption=\"\" data-large-file=\"https:\/\/i0.wp.com\/yalpertem.com\/blog\/wp-content\/uploads\/2017\/10\/jameson-postmodernizm.jpg?fit=415%2C600&amp;ssl=1\" class=\"size-medium wp-image-391 alignleft\" src=\"https:\/\/i0.wp.com\/yalpertem.com\/blog\/wp-content\/uploads\/2017\/10\/jameson-postmodernizm.jpg?resize=208%2C300\" alt=\"\" width=\"208\" height=\"300\" srcset=\"https:\/\/i0.wp.com\/yalpertem.com\/blog\/wp-content\/uploads\/2017\/10\/jameson-postmodernizm.jpg?resize=208%2C300&amp;ssl=1 208w, https:\/\/i0.wp.com\/yalpertem.com\/blog\/wp-content\/uploads\/2017\/10\/jameson-postmodernizm.jpg?w=415&amp;ssl=1 415w\" sizes=\"auto, (max-width: 208px) 100vw, 208px\" \/>&#8220;\u00d6zellikleri[ni] birazdan a\u015fa\u011f\u0131da s\u0131ralayaca\u011f\u0131m bina, Los Angeles&#8217;in merkezinde, di\u011fer eserlerinin aras\u0131nda \u00e7e\u015fitli Hyatt Regency otelleri, Atlanta&#8217;da Peachtree Center ve Detroit&#8217;de Renaissance Center&#8217;\u0131n da yer ald\u0131\u011f\u0131 mimar ve tasar\u0131mc\u0131 John Portman taraf\u0131ndan in\u015fa edilen Westin Bonaventure Oteli. Postmodernizmin b\u00fcy\u00fck mimari modernizmlerin elit (ve \u00dctopyac\u0131) kesinli\u011fine kar\u015f\u0131 retorik savunmas\u0131n\u0131n pop\u00fclist \u00f6zelliklerinden bahsetmi\u015ftim: Di\u011fer bir deyi\u015fle, bu yeni binalar\u0131n bir yandan pop\u00fclist yap\u0131tlar oldu\u011fu, di\u011fer yandan ise Amerikan kent dokusunun mimari \u00f6zelliklerine sayg\u0131 g\u00f6sterdikleri genellikle kabul edilir; yani bu eserler, ileri modernizmin ba\u015f yap\u0131tlar\u0131n\u0131n ve an\u0131tlar\u0131n\u0131n yapt\u0131\u011f\u0131 gibi, kendilerini \u00e7evreleyen kentin baya\u011f\u0131, ticari g\u00f6sterge-sisteminin i\u00e7ine farkl\u0131, ayr\u0131, y\u00fcksek bir \u00fctopyac\u0131 bir dil yerle\u015ftirmeye \u00e7al\u0131\u015fmad\u0131lar; bunun yerine, art\u0131k amblemle\u015ftirilmi\u015f deyi\u015fle &#8220;Las Vegas&#8217;dan \u00f6\u011frenildi\u011fi&#8221; gibi, bunlarla ayn\u0131 dili konu\u015fmaya, ayn\u0131 leksikonu ve sentaks\u0131 kullanmaya \u00f6zen g\u00f6sterdiler. S\u0131ralanan bu \u00f6zelliklerden ilkinde Portman&#8217;\u0131n Bonaventure&#8217;\u00fc t\u00fcm savlar\u0131 do\u011frular niteliktedir: Yap\u0131, gerek yerel halk\u0131n gerekse turistlerin heyecanla gezdi\u011fi pop\u00fcler bir binad\u0131r (Portman&#8217;\u0131n di\u011fer yap\u0131lar\u0131 bu y\u00f6nden daha ba\u015far\u0131l\u0131 olsa da). Bununla birlikte, kentsel dokunun i\u00e7ine pop\u00fclist bir yap\u0131n\u0131n yerle\u015ftirilmesi farkl\u0131 bir konudur ve tart\u0131\u015fmaya da bu konuyla ba\u015fl\u0131yoruz. Bonaventure&#8217;\u00fcn biri Figueora&#8217;da, di\u011fer ikisi ise eski Bunker tepesinden artakalan meyil \u00fczerine in\u015fa edilen y\u00fcksek bah\u00e7elerden ge\u00e7ilerek ula\u015f\u0131lan otelin di\u011fer yan\u0131nda olmak \u00fczere \u00fc\u00e7 kap\u0131s\u0131 var. Bu giri\u015flerden hi\u00e7 biri ge\u00e7mi\u015f y\u0131llarda in\u015fa edilen binalar\u0131n ge\u00e7i\u015finizi \u015fehir soka\u011f\u0131ndan i\u00e7 mekana do\u011fru y\u00f6nlendirdi\u011fi eski otellerin tenteli giri\u015flerine ya da an\u0131tsal &#8220;porte cochere&#8221;lere benzemez. Bonaventure&#8217;\u00fcn giri\u015f yollar\u0131, olduklar\u0131 bi\u00e7imleriyle, yanal ya da daha do\u011frusu, arka kap\u0131larla ilgilidir: Arka bah\u00e7eleri izledi\u011finizde kendinizi kulenin alt\u0131nc\u0131 kat\u0131nda bulursunuz ve orada bile sizi lobiye ula\u015ft\u0131racak asans\u00f6r\u00fc bulabilmeniz i\u00e7in bir kat merdiven inmeniz gerekecektir. Bu arada, Figueroa&#8217;da ilk bak\u0131\u015fta \u00f6n giri\u015f kap\u0131s\u0131 gibi g\u00f6r\u00fcnen giri\u015f sizi, elinizde bagajlar\u0131n\u0131zla, ikinci katta yer alan al\u0131\u015fveri\u015f balkonuna ula\u015ft\u0131r\u0131r ki buradan ana kay\u0131t masas\u0131na y\u00fcr\u00fcyen merdivenle inmek zorunda kal\u0131rs\u0131n\u0131z. Bu tuhaf bi\u00e7imde herhangi bir g\u00f6stergeden yoksun giri\u015f yollar\u0131 \u00fczerine belirtmek istedi\u011fi ilk \u015fey, bunlar\u0131n, (Portman&#8217;\u0131n u\u011fra\u015fmak zorunda oldu\u011fu maddi s\u0131n\u0131rlamalardan da \u00fczerinde ve \u00f6tesinde) otelin i\u00e7 mekan\u0131nda ba\u015fat bir bi\u00e7imde kendini hissettiren yeni bir kapanm\u0131\u015fl\u0131k kategorisini empoze etmeye \u00e7al\u0131\u015f\u0131yor olmalar\u0131. Kan\u0131mca, Paris&#8217;de Beauborg ya da Toronto&#8217;da Eaton Centre gibi di\u011fer baz\u0131 karakteristik postmodern binalarla birlikte Bonaventure, toplam bir uzam, komple bir d\u00fcnya, minyat\u00fcr bir kent olu\u015fturmay\u0131 ama\u00e7lamaktad\u0131r: Bu arada, bu yeni toplam uzam, yeni bir kolektif uygulama, ki\u015filerin sa\u011f[d]a solda dola\u015ft\u0131klar\u0131, birle\u015ftikleri yeni ve tarihsel y\u00f6nden \u00f6zg\u00fcn bir t\u00fcr hiper-kalabal\u0131k uygulamas\u0131n\u0131n yeni bir tarz\u0131na tekab\u00fcl ediyor. Bu nedenle, ideal olarak, Portman&#8217;\u0131n Bonaventure&#8217;unun minikentinin hi\u00e7 bir giri\u015finin bulunmamas\u0131 gerekir, zira giri\u015f yolu her zaman binay\u0131, kendisini \u00e7evreleyen kentin kalan b\u00f6l\u00fcm\u00fcne ba\u011flayan diki\u015f izidir; oysa bina, kentin bir par\u00e7as\u0131 olmay\u0131 de\u011fil, onun kopyas\u0131 olmay\u0131, onun yerini almay\u0131 ve ikame etmeyi ama\u00e7lamaktad\u0131r. Bu elbette ki olanak d\u0131\u015f\u0131; buradan da giri\u015fin en yal\u0131n bi\u00e7imde minimuma indirgenmesi ortaya \u00e7\u0131k\u0131yor. Ancak bu kendini \u00e7evreleyen kentten kopu\u015f, Enternasyonal \u00dcslubun kopu\u015fundan farkl\u0131d\u0131r; zira -modernist yeni \u00dctopik uzam\u0131n\u0131n a\u00e7\u0131k bir bi\u00e7imde reddeti\u011fi bozulmu\u015f ve d\u00fc\u015fm\u00fc\u015f kent dokusundan k\u00f6ktenci bir bi\u00e7imde ay\u0131rd\u0131\u011f\u0131 Le Corbusier&#8217;nin b\u00fcy\u00fck <em>pilotis<\/em>inde oldu\u011fu gibi -bu an\u0131tsal yap\u0131larda kopu\u015f eylemi daha \u015fiddetli, daha g\u00f6zle g\u00f6r\u00fcl\u00fcr bir nitelik ta\u015f\u0131r ve son derece ger\u00e7ek simgesel bir anlam\u0131 vard\u0131r (bununla birlikte modernin kozu, kendi &#8220;yeni&#8221;li\u011finin ta\u015f\u0131d\u0131\u011f\u0131 g\u00fc\u00e7l\u00fc kini i\u00e7inde bu yeni \u00dctopik uzam\u0131n, kendini \u00e7evreleyen kent dokusunu uzamsal dilinin g\u00fcc\u00fcyle sonunda d\u00f6n\u00fc\u015ft\u00fcrebilmektedir). Oysa Bonaventure, Heidegger&#8217;in parodisiyle &#8220;d\u00fc\u015fm\u00fc\u015f kentin dokusu b\u0131rak \u00f6yle kals\u0131n&#8221; der gibidir; ne daha fazla etki, ne de daha geni\u015f proto-politik \u00fctopik d\u00f6n\u00fc\u015f\u00fcm beklenir ya da arzu edilir.&#8221;<\/p>\n<p>Fredric Jameson, Postmodernizm, ya da Ge\u00e7 Kapitalizmin K\u00fclt\u00fcrel Mant\u0131\u011f\u0131, \u00e7ev. Nuri Pl\u00fcmer &amp; Abd\u00fclkadir G\u00f6lc\u00fc, Nirengi Kitap, 2011 [1991], s.80-4.<\/p>\n<div class=\"jetpack-video-wrapper\"><span class=\"embed-youtube\" style=\"text-align:center; display: block;\"><iframe loading=\"lazy\" class=\"youtube-player\" width=\"660\" height=\"372\" src=\"https:\/\/www.youtube.com\/embed\/oWlu3OlvL58?version=3&#038;rel=1&#038;showsearch=0&#038;showinfo=1&#038;iv_load_policy=1&#038;fs=1&#038;hl=en-US&#038;autohide=2&#038;wmode=transparent\" allowfullscreen=\"true\" style=\"border:0;\" sandbox=\"allow-scripts allow-same-origin allow-popups allow-presentation allow-popups-to-escape-sandbox\"><\/iframe><\/span><\/div>\n","protected":false},"excerpt":{"rendered":"<p>&#8220;\u00d6zellikleri[ni] birazdan a\u015fa\u011f\u0131da s\u0131ralayaca\u011f\u0131m bina, Los Angeles&#8217;in merkezinde, di\u011fer eserlerinin aras\u0131nda \u00e7e\u015fitli Hyatt Regency otelleri, Atlanta&#8217;da Peachtree Center ve Detroit&#8217;de Renaissance Center&#8217;\u0131n da yer ald\u0131\u011f\u0131 mimar ve tasar\u0131mc\u0131 John Portman taraf\u0131ndan in\u015fa edilen Westin Bonaventure Oteli. Postmodernizmin b\u00fcy\u00fck mimari modernizmlerin elit (ve \u00dctopyac\u0131) kesinli\u011fine kar\u015f\u0131 retorik savunmas\u0131n\u0131n pop\u00fclist \u00f6zelliklerinden bahsetmi\u015ftim: Di\u011fer bir deyi\u015fle, bu yeni &hellip; <a href=\"https:\/\/yalpertem.com\/blog\/2017\/10\/22\/jameson-bonaventure-oteli-ve-postmodernizm\/\" class=\"more-link\">Continue reading <span class=\"screen-reader-text\">Jameson, Bonaventure Oteli ve Postmodernizm<\/span><\/a><\/p>\n","protected":false},"author":1,"featured_media":0,"comment_status":"open","ping_status":"open","sticky":false,"template":"","format":"standard","meta":{"_jetpack_memberships_contains_paid_content":false,"footnotes":""},"categories":[33,133],"tags":[134,135],"class_list":["post-389","post","type-post","status-publish","format-standard","hentry","category-alinti","category-postmodernizm","tag-fredric-jameson","tag-postmodernizm-ya-da-gec-kapitalizmin-kulturel-mantigi"],"aioseo_notices":[],"jetpack_featured_media_url":"","jetpack_sharing_enabled":true,"jetpack_shortlink":"https:\/\/wp.me\/p9WYIs-6h","jetpack-related-posts":[{"id":1362,"url":"https:\/\/yalpertem.com\/blog\/2018\/05\/07\/harvey-zaman-mekan-sikismasina-tepkiler\/","url_meta":{"origin":389,"position":0},"title":"Harvey, Zaman-Mek\u00e2n S\u0131k\u0131\u015fmas\u0131na Tepkiler","author":"yalpertem","date":"7 May 2018","format":false,"excerpt":"Harvey, bu kitapta postmodernite ba\u011flam\u0131nda zaman-mek\u00e2n s\u0131k\u0131\u015fmas\u0131n\u0131 te\u015fhis ediyor ve etkilerine epey vakit ay\u0131r\u0131yordu. A\u015fa\u011f\u0131da al\u0131nt\u0131lad\u0131\u011f\u0131m k\u0131s\u0131m, bug\u00fcne dek Harvey'den daha \u00e7ok ilgi g\u00f6sterdi\u011fim (her daim hakl\u0131 buldu\u011fum de\u011fil illa ki) Wim Wenders, Jean Baudrillard, Fredric Jameson, Nietzsche (?), F\u00e9lix Guattari ve Gilles Deleuze'\u00fcn \u015fahs\u0131nda, Harvey'nin postmodern d\u00fc\u015f\u00fcnce ve imge\u2026","rel":"","context":"In &quot;al\u0131nt\u0131&quot;","block_context":{"text":"al\u0131nt\u0131","link":"https:\/\/yalpertem.com\/blog\/category\/alinti\/"},"img":{"alt_text":"","src":"https:\/\/i0.wp.com\/yalpertem.com\/blog\/wp-content\/uploads\/2018\/05\/david-harvey-postmodernli%C4%9Fin-durumu-200x300.png?resize=350%2C200","width":350,"height":200},"classes":[]},{"id":1250,"url":"https:\/\/yalpertem.com\/blog\/2018\/04\/24\/sarup-lacan-ve-yitirme-duygusu\/","url_meta":{"origin":389,"position":1},"title":"Sarup, Lacan ve Yitirme Duygusu","author":"yalpertem","date":"24 April 2018","format":false,"excerpt":"\" Bu b\u00f6l\u00fcmcede, bir yandan Lacan'\u0131n \u00f6yk\u00fcs\u00fc \u00fczerinde bir yanda da \u00f6znenin kar\u015f\u0131 kar\u015f\u0131ya kald\u0131\u011f\u0131 yitirme ve yoksunluk duygusu \u00fczerinde ayr\u0131nt\u0131lar\u0131yla duraca\u011f\u0131m. Lacan'\u0131n \u00f6zne kuram\u0131na bakt\u0131\u011f\u0131n\u0131zda, \u00f6zneyi t\u0131pk\u0131 klasik bir anlat\u0131 gibi okudu\u011funu g\u00f6r\u00fcrs\u00fcn\u00fcz: \u00d6yk\u00fc do\u011fumla ba\u015flar, daha sonra bedenin b\u00f6lgeselle\u015ftirilmesi arac\u0131l\u0131\u011f\u0131yla ayna a\u015famas\u0131na y\u00f6nelir, en sonunda da dile ve\u2026","rel":"","context":"In &quot;al\u0131nt\u0131&quot;","block_context":{"text":"al\u0131nt\u0131","link":"https:\/\/yalpertem.com\/blog\/category\/alinti\/"},"img":{"alt_text":"","src":"https:\/\/i0.wp.com\/yalpertem.com\/blog\/wp-content\/uploads\/2018\/04\/madan-sarup-post-yapisalcilik-ve-postmodernizm-193x300.jpg?resize=350%2C200","width":350,"height":200},"classes":[]},{"id":1182,"url":"https:\/\/yalpertem.com\/blog\/2018\/05\/15\/bulent-eken-ayhan-gecgin-ve-kayip-poetikasi\/","url_meta":{"origin":389,"position":2},"title":"B\u00fclent Eken &#8211; Ayhan Ge\u00e7gin ve Kay\u0131p Poetikas\u0131","author":"yalpertem","date":"15 May 2018","format":false,"excerpt":"\"Okurlar\u0131n \u015f\u00fcphesiz katlan\u0131lmaz buldu\u011fu sayfalar, paragraflar, s\u00f6zc\u00fckler boyunca y\u00fczeye \u00e7\u0131kan ayn\u0131 meselenin tekrar\u0131 asl\u0131nda bu ruhun alametifarikas\u0131d\u0131r. Baz\u0131 okurlar\u0131n\u0131n sand\u0131\u011f\u0131n\u0131n aksine Ge\u00e7gin\u2019de ince eleyip s\u0131k dokuyan bir \u201cdil i\u015f\u00e7ili\u011fi\u201d yoktur. B\u0131\u00e7ak\u00e7\u0131 gibi her bir s\u00f6zc\u00fc\u011f\u00fc k\u00fc\u00e7\u00fck \u00e7ekiciyle dinleyen bir yazar de\u011fildir o. Tersine, ne yazaca\u011f\u0131n\u0131 bilmedi\u011fi i\u00e7in \u2014yaz\u0131n\u0131n nesnesi, amac\u0131,\u2026","rel":"","context":"In &quot;al\u0131nt\u0131&quot;","block_context":{"text":"al\u0131nt\u0131","link":"https:\/\/yalpertem.com\/blog\/category\/alinti\/"},"img":{"alt_text":"","src":"https:\/\/i0.wp.com\/yalpertem.com\/blog\/wp-content\/uploads\/2018\/05\/monograf-say%C4%B1-9-g%C3%B6%C3%A7-dipnot-ayhan-ge%C3%A7gin-206x300.png?resize=350%2C200","width":350,"height":200},"classes":[]},{"id":194,"url":"https:\/\/yalpertem.com\/blog\/2017\/04\/16\/ayhan-gecgin-i-romanciyi-degerlendirmek\/","url_meta":{"origin":389,"position":3},"title":"Ayhan Ge\u00e7gin I &#8211; Romanc\u0131y\u0131 Tart\u0131\u015fmak","author":"yalpertem","date":"16 April 2017","format":false,"excerpt":"Ko\u00e7ak'\u0131n Tehlikeli D\u00f6n\u00fc\u015fler kitab\u0131nda bahsetti\u011fi Aylak Adam ve Ayhan Ge\u00e7gin aras\u0131nda in\u015fa edilebilecek yol fikri beni Ge\u00e7gin\u2019in romanlar\u0131ndan do\u011fru uzun bir y\u00fcr\u00fcy\u00fc\u015fe \u00e7\u0131kma konusunda ayartm\u0131\u015ft\u0131. Daha \u00f6nce yakalamam imkans\u0131z gibi g\u00f6r\u00fcnen u\u00e7ucu d\u00fc\u015f\u00fcncelere bir nebze daha yakla\u015fabilmeyi ummu\u015ftum. Di\u011fer okurlar\u0131n bu romanlar\u0131 nerelerden okuduklar\u0131na dair ilgimin bir sonucu olarak Ge\u00e7gin\u2026","rel":"","context":"In &quot;ele\u015ftiri&quot;","block_context":{"text":"ele\u015ftiri","link":"https:\/\/yalpertem.com\/blog\/category\/edebiyat\/elestiri\/"},"img":{"alt_text":"","src":"","width":0,"height":0},"classes":[]},{"id":2813,"url":"https:\/\/yalpertem.com\/blog\/2019\/11\/10\/elif-batuman-budala-okuma-notlari\/","url_meta":{"origin":389,"position":4},"title":"Elif Batuman | Budala (Okuma Notlar\u0131)","author":"yalpertem","date":"10 November 2019","format":false,"excerpt":"Budala, T\u00fcrkiye\u2019den ABD\u2019ye g\u00f6\u00e7m\u00fc\u015f bir ailenin k\u0131z\u0131 Selin\u2019in \u00fcniversitedeki ilk y\u0131l\u0131ndaki kar\u015f\u0131la\u015fmalar\u0131n\u0131 konu ediyor. Selin, 90\u2019lar\u0131n ortas\u0131nda Harvard\u2019da e-postayla, ilk a\u015fk\u0131yla, Macaristan\u2019da \u00f6\u011fretmenlik yapma deneyimiyle tan\u0131\u015f\u0131yor. Bir yazar\u0131n b\u00fcy\u00fcme roman\u0131 olarak g\u00f6r\u00fclebilecek kitap, b\u00fcy\u00fck \u00f6l\u00e7\u00fcde Elif Batuman\u2019\u0131n kendi ba\u015f\u0131ndan ge\u00e7en olaylardan yola \u00e7\u0131k\u0131yor.","rel":"","context":"In &quot;okuma notlar\u0131&quot;","block_context":{"text":"okuma notlar\u0131","link":"https:\/\/yalpertem.com\/blog\/category\/ders-notlari\/"},"img":{"alt_text":"","src":"https:\/\/i0.wp.com\/yalpertem.com\/blog\/wp-content\/uploads\/2019\/11\/elif-batuman-budala-198x300.jpg?resize=350%2C200","width":350,"height":200},"classes":[]},{"id":1738,"url":"https:\/\/yalpertem.com\/blog\/2018\/06\/20\/lyotard-bilgisayarlastirilmis-toplumlarda-bilgi\/","url_meta":{"origin":389,"position":5},"title":"Lyotard, Bilgisayarla\u015ft\u0131r\u0131lm\u0131\u015f Toplumlarda Bilgi","author":"yalpertem","date":"20 June 2018","format":false,"excerpt":"Lyotard'\u0131n me\u015fhur Postmodern Durum raporunun ilk, giri\u015f par\u00e7as\u0131. Baudrillard ve Lyotard'\u0131n 1970'lerde, 1980'lerde bilgi, ileti\u015fim ve minitel (pre-internet) \u00fczerine konu\u015furken s\u00f6yledikleri bana s\u0131kl\u0131kla isabetli kehanetler gibi geliyor. Bu b\u00f6l\u00fcmdeki IBM bahsi, \"veri\" sahipli\u011fini sorunla\u015ft\u0131rma fikri, k\u00fcreselle\u015fmenin diline pelesenk olan ulus devlet g\u00fc\u00e7s\u00fczle\u015fmesi iddialar\u0131 (h\u00e2l\u00e2 kimi zaman haks\u0131z, kimi zaman haks\u0131z\u2026","rel":"","context":"In &quot;al\u0131nt\u0131&quot;","block_context":{"text":"al\u0131nt\u0131","link":"https:\/\/yalpertem.com\/blog\/category\/alinti\/"},"img":{"alt_text":"","src":"https:\/\/i0.wp.com\/yalpertem.com\/blog\/wp-content\/uploads\/2018\/06\/jean-fran%C3%A7ois-lyotard-postmodern-durum-206x300.jpg?resize=350%2C200","width":350,"height":200},"classes":[]}],"amp_enabled":true,"_links":{"self":[{"href":"https:\/\/yalpertem.com\/blog\/wp-json\/wp\/v2\/posts\/389","targetHints":{"allow":["GET"]}}],"collection":[{"href":"https:\/\/yalpertem.com\/blog\/wp-json\/wp\/v2\/posts"}],"about":[{"href":"https:\/\/yalpertem.com\/blog\/wp-json\/wp\/v2\/types\/post"}],"author":[{"embeddable":true,"href":"https:\/\/yalpertem.com\/blog\/wp-json\/wp\/v2\/users\/1"}],"replies":[{"embeddable":true,"href":"https:\/\/yalpertem.com\/blog\/wp-json\/wp\/v2\/comments?post=389"}],"version-history":[{"count":1,"href":"https:\/\/yalpertem.com\/blog\/wp-json\/wp\/v2\/posts\/389\/revisions"}],"predecessor-version":[{"id":5294,"href":"https:\/\/yalpertem.com\/blog\/wp-json\/wp\/v2\/posts\/389\/revisions\/5294"}],"wp:attachment":[{"href":"https:\/\/yalpertem.com\/blog\/wp-json\/wp\/v2\/media?parent=389"}],"wp:term":[{"taxonomy":"category","embeddable":true,"href":"https:\/\/yalpertem.com\/blog\/wp-json\/wp\/v2\/categories?post=389"},{"taxonomy":"post_tag","embeddable":true,"href":"https:\/\/yalpertem.com\/blog\/wp-json\/wp\/v2\/tags?post=389"}],"curies":[{"name":"wp","href":"https:\/\/api.w.org\/{rel}","templated":true}]}}