{"id":285,"date":"2017-09-04T23:01:16","date_gmt":"2017-09-04T20:01:16","guid":{"rendered":"http:\/\/yalpertem.com\/blog\/?p=285"},"modified":"2017-09-04T23:02:13","modified_gmt":"2017-09-04T20:02:13","slug":"perec-gezinmek-uzerine","status":"publish","type":"post","link":"https:\/\/yalpertem.com\/blog\/2017\/09\/04\/perec-gezinmek-uzerine\/","title":{"rendered":"Perec, Gezinmek \u00dczerine"},"content":{"rendered":"<p><img data-recalc-dims=\"1\" loading=\"lazy\" decoding=\"async\" data-attachment-id=\"286\" data-permalink=\"https:\/\/yalpertem.com\/blog\/2017\/09\/04\/perec-gezinmek-uzerine\/uyuyan-adam-georges-perec\/\" data-orig-file=\"https:\/\/i0.wp.com\/yalpertem.com\/blog\/wp-content\/uploads\/2017\/09\/uyuyan-adam-georges-perec.jpg?fit=399%2C600&amp;ssl=1\" data-orig-size=\"399,600\" data-comments-opened=\"1\" data-image-meta=\"{&quot;aperture&quot;:&quot;0&quot;,&quot;credit&quot;:&quot;&quot;,&quot;camera&quot;:&quot;&quot;,&quot;caption&quot;:&quot;&quot;,&quot;created_timestamp&quot;:&quot;0&quot;,&quot;copyright&quot;:&quot;&quot;,&quot;focal_length&quot;:&quot;0&quot;,&quot;iso&quot;:&quot;0&quot;,&quot;shutter_speed&quot;:&quot;0&quot;,&quot;title&quot;:&quot;&quot;,&quot;orientation&quot;:&quot;0&quot;}\" data-image-title=\"uyuyan adam &amp;#8211; georges perec\" data-image-description=\"\" data-image-caption=\"\" data-large-file=\"https:\/\/i0.wp.com\/yalpertem.com\/blog\/wp-content\/uploads\/2017\/09\/uyuyan-adam-georges-perec.jpg?fit=399%2C600&amp;ssl=1\" class=\"size-medium wp-image-286 alignleft\" src=\"https:\/\/i0.wp.com\/yalpertem.com\/blog\/wp-content\/uploads\/2017\/09\/uyuyan-adam-georges-perec.jpg?resize=200%2C300\" alt=\"\" width=\"200\" height=\"300\" srcset=\"https:\/\/i0.wp.com\/yalpertem.com\/blog\/wp-content\/uploads\/2017\/09\/uyuyan-adam-georges-perec.jpg?resize=200%2C300&amp;ssl=1 200w, https:\/\/i0.wp.com\/yalpertem.com\/blog\/wp-content\/uploads\/2017\/09\/uyuyan-adam-georges-perec.jpg?w=399&amp;ssl=1 399w\" sizes=\"auto, (max-width: 200px) 100vw, 200px\" \/>&#8220;Sokaklarda s\u00fcrt\u00fcyor, bir sinemaya giriyorsun; sokaklarda s\u00fcrt\u00fcyor, bir kahveye giriyorsun; sokaklarda s\u00fcrt\u00fcyor, Seine Nehri&#8217;ne, kasak d\u00fckk\u00e2nlar\u0131na, trenlere, afi\u015flere, insanlara bak\u0131yorsun. Sokaklarda s\u00fcrt\u00fcyor, bir sinemaya giriyor ve orada az \u00f6nce g\u00f6rd\u00fc\u011f\u00fcne benzer bir film g\u00f6r\u00fcyorsun; fazla ak\u0131ll\u0131 bir beyefendi taraf\u0131ndan anlat\u0131lan ayn\u0131 al\u0131k\u00e7a hik\u00e2ye, incelik ve m\u00fczik dolu, sonra ara oluyor; yirmi kez, y\u00fcz kez g\u00f6rd\u00fc\u011f\u00fcn reklam filmleri, haftan\u0131n belli ba\u015fl\u0131 olaylar\u0131 \u00fczerine, bu kez, yirmi kez g\u00f6rd\u00fc\u011f\u00fcn k\u0131sa bir film, sardalyalar hakk\u0131nda, ya da g\u00fcne\u015f hakk\u0131nda. Hawaii ya da Ulusal K\u00fct\u00fcphane hakk\u0131nda bir belgesel, daha \u00f6nce g\u00f6rd\u00fc\u011f\u00fcn ve yine g\u00f6rece\u011fin bir filmin par\u00e7alar\u0131, az \u00f6nce g\u00f6rd\u00fc\u011f\u00fcn film bir kez daha ba\u015fl\u0131yor, par\u00e7al\u0131 jeneri\u011fi, Etretat plaj\u0131, denizi, mart\u0131lar\u0131, kumda oynayan \u00e7ocuklar\u0131 ile.<\/p>\n<p>D\u0131\u015far\u0131 \u00e7\u0131k\u0131yor, fazla \u0131\u015f\u0131kland\u0131r\u0131lm\u0131\u015f sokaklarda s\u00fcrt\u00fcyorsun. Odana d\u00f6n\u00fcyor, soyunuyor, \u00e7ar\u015faflar\u0131n aras\u0131na sokuluyor, \u0131\u015f\u0131\u011f\u0131 s\u00f6nd\u00fcr\u00fcyor, g\u00f6zlerini yumuyorsun. Bu, \u00e7ok \u00e7abuk soyunan d\u00fc\u015fsel kad\u0131nlar\u0131n \u00e7evrene \u00fc\u015f\u00fc\u015ft\u00fc\u011f\u00fc saattir; bu y\u00fcz kez okunmu\u015f kitaplardan bunald\u0131\u011f\u0131n saattir; bu, bir t\u00fcrl\u00fc uyuyamadan y\u00fcz kez oradan oraya d\u00f6nd\u00fc\u011f\u00fcn saattir. G\u00f6zlerin karanl\u0131kta falta\u015f\u0131 gibi a\u00e7\u0131k, elin dar sedirim ayak taraf\u0131nda bir k\u00fcll\u00fck, bir kutu kibrit, son bir sigara aran\u0131rken, mutsuzlu\u011funun b\u00fcy\u00fckl\u00fc\u011f\u00fcn\u00fc sakin sakin \u00f6l\u00e7t\u00fc\u011f\u00fcn saattir bu.<\/p>\n<p>Art\u0131k geceleri kalk\u0131yorsun yataktan. Sokaklarda avare dola\u015f\u0131yor, barlar\u0131n, Rosebud&#8217;\u0131n, Harry&#8217;s&#8217;in taburelerine t\u00fcn\u00fcyor, Saint-Honor\u00e9 Soka\u011f\u0131&#8217;nda, neredeyse odan\u0131n kar\u015f\u0131s\u0131na d\u00fc\u015fen Franco-Suisse&#8217;de gidip oturuyor, Hal&#8217;deki bir kahveye gidiyor ve saatlerce orada kal\u0131yorsun. Sonuna kadar, bir biran\u0131n, s\u00fcts\u00fcz bir kahvenin ya da bir bardak k\u0131rm\u0131z\u0131 \u015farab\u0131n kar\u015f\u0131s\u0131nda oturarak. Girip \u00e7\u0131kan \u00f6tekilere, kasap \u00e7\u0131raklar\u0131na, \u00e7i\u00e7ek\u00e7ilere, gazete sat\u0131c\u0131lar\u0131na, ak\u015famc\u0131 g\u00fcruhlar\u0131na, yaln\u0131z sarho\u015flara, fahi\u015felere bak\u0131yorsun.<\/p>\n<p>Yaln\u0131zs\u0131n ve yalpal\u0131yorsun. Iss\u0131z caddelerde, c\u0131l\u0131z a\u011fa\u00e7lar, s\u0131vas\u0131 d\u00f6k\u00fclm\u00fc\u015f cepheler, karanl\u0131k kap\u0131 sundurmalar\u0131 boyunca y\u00fcr\u00fcyorsun. Batignolles&#8217;\u00fcn, Pantin&#8217;in bitmez t\u00fckenmez \u00e7irkinli\u011fine dal\u0131yorsun. \u00c7oktan kurumu\u015f Wallace \u00e7e\u015fmelerinden, v\u0131c\u0131k v\u0131c\u0131k kiliselerden, delik de\u015fik \u015fantiyelerden, rengi atm\u0131\u015f duvarlardan ba\u015fka bir \u015fey \u00e7\u0131km\u0131yor kar\u015f\u0131na. Demir parmakl\u0131klar\u0131 aras\u0131na hapsoldu\u011fun k\u00fc\u00e7\u00fck parklar, kanalizasyon a\u011f\u0131zlar\u0131n\u0131n yak\u0131n\u0131ndaki durgun su birikintileri, fabrikalar\u0131n devasa kap\u0131lar\u0131. Europe Mahallesi&#8217;ndeki madeni yaya k\u00f6pr\u00fclerinin alt\u0131nda, buharl\u0131 lokomotifler beyaz dumanlar\u0131n\u0131 dalga dalga savuruyorlar. Barb\u00e8s Bulvar\u0131, Clichy Meydan\u0131; sab\u0131rs\u0131z kalabal\u0131klar g\u00f6zlerini g\u00f6\u011fe do\u011fru \u00e7eviriyorlar.<\/p>\n<p>Yaln\u0131zl\u0131\u011f\u0131n b\u00fcy\u00fcl\u00fc \u00e7emberini k\u0131rmayacaks\u0131n. Yaln\u0131zs\u0131n ve kimseyi tan\u0131m\u0131yorsun; kimseyi tan\u0131m\u0131yorsun ve yaln\u0131zs\u0131n. \u00d6tekilerin birbirlerine yap\u0131\u015ft\u0131klar\u0131n\u0131, birbirlerine sokulduklar\u0131n\u0131, birbirlerini koruduklar\u0131n\u0131, birbirlerine sar\u0131ld\u0131klar\u0131n\u0131 g\u00f6r\u00fcyorsun. Oysa sen, \u00f6l\u00fc bak\u0131\u015fl\u0131, saydam bir hayaletten, k\u00fclrengi bir c\u00fczzaml\u0131dan, \u00e7oktan toza d\u00f6n\u00fc\u015fm\u00fc\u015f bir siluetten, kimsenin yakla\u015fmad\u0131\u011f\u0131 tutulmu\u015f bir yerden ba\u015fka bir \u015fey de\u011filsin. Olas\u0131l\u0131k d\u0131\u015f\u0131 kar\u015f\u0131la\u015fmalar\u0131n umuduyla kendini zorluyorsun. Ama deri, bak\u0131r, a\u011fa\u00e7 senin i\u00e7in \u0131\u015f\u0131ldamaya ba\u015flam\u0131yor ki, \u0131\u015f\u0131klar yo\u011funluklar\u0131n\u0131 senin i\u00e7in azaltm\u0131yorlar ki, sesler senin i\u00e7in duyulmaz hale gelmiyorlar ki. A\u011f\u0131rla\u015fan dumana, Lester Young&#8217;a, Coltrane&#8217;e ra\u011fmen yaln\u0131zs\u0131n, barlar\u0131n t\u00fcy gibi yumu\u015fak ve sessiz s\u0131cakl\u0131\u011f\u0131nda, ayak seslerinin \u00e7\u0131nlad\u0131\u011f\u0131 bo\u015f sokaklarda, kapanmam\u0131\u015f i\u00e7kili kahvelerin yar\u0131 ay\u0131k su\u00e7ortakl\u0131\u011f\u0131nda yaln\u0131zs\u0131n.<\/p>\n<p>Sadece bir kez kar\u015f\u0131 kar\u015f\u0131ya gelece\u011fin d\u00fc\u015fmanlar var; insan\u0131n kan\u0131n\u0131 donduran y\u0131lanlar\u0131n so\u011fuk \u0131sl\u0131\u011f\u0131n\u0131 tan\u0131y\u0131p anlayacak kadar zaman var, tam zaman\u0131nda geri \u00e7ekilecek kadar, yaln\u0131zl\u0131ktan ve sab\u0131rs\u0131zl\u0131ktan donmu\u015f olarak, mahvolmu\u015f olarak; seni ele veren kendi bak\u0131\u015f\u0131n, en ufak ayr\u0131nt\u0131lar\u0131n gittik\u00e7e anlams\u0131zla\u015fan ve gittik\u00e7e keskinle\u015fen alg\u0131s\u0131: bir sa\u00e7 buklesi, bir barda\u011f\u0131n g\u00f6lgesi, b\u0131rak\u0131lm\u0131\u015f bir sigaran\u0131n oynak izi, kapanan iki kanatl\u0131 bir kap\u0131n\u0131n son sars\u0131l\u0131\u015f\u0131. G\u00f6z\u00fcnden bir \u015fey ka\u00e7m\u0131yor, ama yakalad\u0131\u011f\u0131n bir \u015fey de yok, yakalasan da \u00e7ok ge\u00e7, hep \u00e7ok ge\u00e7, g\u00f6lgeler, yans\u0131malar, \u00e7atlaklar, savu\u015fmalar, g\u00fcl\u00fcmsemeler, esnemeler, yorgunluk ya da vazge\u00e7i\u015f.&#8221;<\/p>\n<p>Georges Perec, Uyuyan Adam, \u00e7ev. Sosi Dolano\u011flu, Metis Yay\u0131nlar\u0131, 2016 [1967], 4. bas\u0131m, s. 76-8.<\/p>\n","protected":false},"excerpt":{"rendered":"<p>&#8220;Sokaklarda s\u00fcrt\u00fcyor, bir sinemaya giriyorsun; sokaklarda s\u00fcrt\u00fcyor, bir kahveye giriyorsun; sokaklarda s\u00fcrt\u00fcyor, Seine Nehri&#8217;ne, kasak d\u00fckk\u00e2nlar\u0131na, trenlere, afi\u015flere, insanlara bak\u0131yorsun. Sokaklarda s\u00fcrt\u00fcyor, bir sinemaya giriyor ve orada az \u00f6nce g\u00f6rd\u00fc\u011f\u00fcne benzer bir film g\u00f6r\u00fcyorsun; fazla ak\u0131ll\u0131 bir beyefendi taraf\u0131ndan anlat\u0131lan ayn\u0131 al\u0131k\u00e7a hik\u00e2ye, incelik ve m\u00fczik dolu, sonra ara oluyor; yirmi kez, y\u00fcz kez g\u00f6rd\u00fc\u011f\u00fcn &hellip; <a href=\"https:\/\/yalpertem.com\/blog\/2017\/09\/04\/perec-gezinmek-uzerine\/\" class=\"more-link\">Continue reading <span class=\"screen-reader-text\">Perec, Gezinmek \u00dczerine<\/span><\/a><\/p>\n","protected":false},"author":1,"featured_media":0,"comment_status":"open","ping_status":"open","sticky":false,"template":"","format":"standard","meta":{"_jetpack_memberships_contains_paid_content":false,"footnotes":""},"categories":[33,8],"tags":[79,80],"class_list":["post-285","post","type-post","status-publish","format-standard","hentry","category-alinti","category-roman","tag-georges-perec","tag-uyuyan-adam"],"aioseo_notices":[],"jetpack_featured_media_url":"","jetpack_sharing_enabled":true,"jetpack_shortlink":"https:\/\/wp.me\/p9WYIs-4B","jetpack-related-posts":[{"id":349,"url":"https:\/\/yalpertem.com\/blog\/2017\/10\/07\/nietzsche-filozof-entelektuel-uzerine\/","url_meta":{"origin":285,"position":0},"title":"Nietzsche, Filozof ve Entelekt\u00fcel \u00dczerine","author":"yalpertem","date":"7 October 2017","format":false,"excerpt":"\"G\u00fcn\u00fcm\u00fczde filozofun geli\u015fmesinin kar\u015f\u0131s\u0131ndaki tehlikeler asl\u0131nda o kadar katmerlidir ki, bu meyvenin olgunla\u015fabilece\u011finden ku\u015fku duyuyor insan. Bilimlerin kapsam\u0131 ve in\u015fa ettikleri kule muazzam b\u00fcy\u00fcd\u00fc, b\u00f6ylelikle filozofun hen\u00fcz \u00e7\u0131rakl\u0131k a\u015famas\u0131nda yorulma ve herhangi bir yerde durup \"uzmanla\u015fma\" olas\u0131l\u0131\u011f\u0131 da artt\u0131; \u00f6yle ki art\u0131k kendi y\u00fcksekli\u011fine, \u00fcstten bak\u0131\u015fa, genel bak\u0131\u015fa, a\u015fa\u011f\u0131ya bak\u0131\u015fa\u2026","rel":"","context":"In &quot;al\u0131nt\u0131&quot;","block_context":{"text":"al\u0131nt\u0131","link":"https:\/\/yalpertem.com\/blog\/category\/alinti\/"},"img":{"alt_text":"","src":"https:\/\/i0.wp.com\/yalpertem.com\/blog\/wp-content\/uploads\/2017\/10\/iyinin-ve-kotunun-otesinde-friedrich-nietzsche-182x300.jpg?resize=350%2C200","width":350,"height":200},"classes":[]},{"id":830,"url":"https:\/\/yalpertem.com\/blog\/2018\/01\/09\/george-perec-sehre-bakan-aylak\/","url_meta":{"origin":285,"position":1},"title":"Perec, \u015eehre Bakan Aylak \u00dczerine","author":"yalpertem","date":"9 January 2018","format":false,"excerpt":"\"Sen bir aylak, bir uyurgezersin, bir istiridyesin. Tan\u0131mlar saatlere, g\u00fcnlere g\u00f6re de\u011fi\u015fiyor ama ta\u015f\u0131d\u0131klar\u0131 anlam az \u00e7ok belli: Ya\u015faman\u0131n, harekete ge\u00e7menin, bir \u015fey yapman\u0131n pek sana g\u00f6re olmad\u0131\u011f\u0131n\u0131 hissediyorsun; sadece s\u00fcr\u00fcp gitmek istiyorsun, sadece bekleyi\u015fi ve unutu\u015fu istiyorsun. Modern ya\u015fam bu t\u00fcr e\u011filimleri genelde pek ho\u015f kar\u015f\u0131lamaz. \u00c7evrende her zaman\u2026","rel":"","context":"In &quot;al\u0131nt\u0131&quot;","block_context":{"text":"al\u0131nt\u0131","link":"https:\/\/yalpertem.com\/blog\/category\/alinti\/"},"img":{"alt_text":"","src":"https:\/\/i0.wp.com\/yalpertem.com\/blog\/wp-content\/uploads\/2016\/11\/uyuyan-adam-200x300.jpg?resize=350%2C200","width":350,"height":200},"classes":[]},{"id":5519,"url":"https:\/\/yalpertem.com\/blog\/2022\/11\/08\/eksen-hapishane-ziyareti\/","url_meta":{"origin":285,"position":2},"title":"Eksen, hapishane ziyareti","author":"yalpertem","date":"8 November 2022","format":false,"excerpt":"Kerem Eksen'in \u00d6l\u00fcmden Uzak Bir Yer roman\u0131n\u0131 okuduk kitap kul\u00fcb\u00fcm\u00fczde. Ben ka\u00e7\u0131rm\u0131\u015f\u0131m ilk iki roman\u0131n\u0131, onlar da ilgimi \u00e7ekti bak\u0131nca, entelekt\u00fcel romanlar\u0131. Bu roman ba\u015flarda en s\u0131radan ve g\u00fcndelik haliyle \u00e7ift ve aile ya\u015fant\u0131s\u0131na k\u00fc\u00e7\u00fck ironilerle bak\u0131\u015f\u0131yla beni heyecanland\u0131rm\u0131\u015ft\u0131 ama ilerledik\u00e7e olup bitenlere daha az merak duymaya ba\u015flad\u0131m. Merkezine ald\u0131\u011f\u0131\u2026","rel":"","context":"In &quot;al\u0131nt\u0131&quot;","block_context":{"text":"al\u0131nt\u0131","link":"https:\/\/yalpertem.com\/blog\/category\/alinti\/"},"img":{"alt_text":"","src":"https:\/\/i0.wp.com\/yalpertem.com\/blog\/wp-content\/uploads\/2022\/11\/kerem-eksen-olumden-uzak-bir-yer-193x300.jpg?resize=350%2C200","width":350,"height":200},"classes":[]},{"id":1090,"url":"https:\/\/yalpertem.com\/blog\/2018\/03\/18\/auster-karakteri-tanitmak-ii-yuruyus-ve-bosluk\/","url_meta":{"origin":285,"position":3},"title":"Auster, Karakteri Tan\u0131tmak (II) [Y\u00fcr\u00fcy\u00fc\u015f ve Bo\u015fluk]","author":"yalpertem","date":"18 March 2018","format":false,"excerpt":"\" Quinn'e gelince; ak\u0131lda tutmam\u0131z gereken fazla bir \u015fey yok. Kim oldu\u011fu, nereden geldi\u011fi ve ne yapt\u0131\u011f\u0131 fazla bir \u00f6nem ta\u015f\u0131m\u0131yor. \u00d6rne\u011fin otuz be\u015f ya\u015f\u0131nda oldu\u011funu biliyoruz. Bir kez evlendi\u011fini, bir kez baba oldu\u011funu, hem kar\u0131s\u0131n\u0131n hem de o\u011flunun hala hayatta olmad\u0131\u011f\u0131n\u0131 biliyoruz. Kitap yazm\u0131\u015f oldu\u011funu da biliyoruz. Daha kesin\u2026","rel":"","context":"In &quot;al\u0131nt\u0131&quot;","block_context":{"text":"al\u0131nt\u0131","link":"https:\/\/yalpertem.com\/blog\/category\/alinti\/"},"img":{"alt_text":"","src":"https:\/\/i0.wp.com\/yalpertem.com\/blog\/wp-content\/uploads\/2018\/03\/paul-auster-cam-kent-new-york-uclemesi-192x300.jpg?resize=350%2C200","width":350,"height":200},"classes":[]},{"id":951,"url":"https:\/\/yalpertem.com\/blog\/2018\/02\/15\/yuval-noah-harari-insan-gelecekte-olacak-mi-wef-ceviri\/","url_meta":{"origin":285,"position":4},"title":"Yuval Noah Harari &#8211; \u0130nsan Gelecek(te) Olacak M\u0131? [WEF] &#8211; (\u00c7eviri)","author":"yalpertem","date":"15 February 2018","format":false,"excerpt":"Yine yar\u0131m bir \u00e7eviri, fakat \u00e7evirirken bir noktada bunu YouTube'da \u00e7evirmi\u015f olan var m\u0131d\u0131r diye bakt\u0131m, varm\u0131\u015f. \u00d6ylesi daha do\u011fru, az hak yiyen bir yol zaten. Oradan da izlenebilir, benden iyi \u00e7evirmi\u015flerdir kesin. Burada da \u00e7evirdi\u011fim kadar\u0131 metin olarak dursun. Bug\u00fcn sizle gelecek hakk\u0131nda konu\u015fmak istiyorum, t\u00fcr\u00fcm\u00fcz\u00fcn gelece\u011fi, ya\u015fam\u0131n gelece\u011fi\u2026","rel":"","context":"In &quot;\u00e7eviri&quot;","block_context":{"text":"\u00e7eviri","link":"https:\/\/yalpertem.com\/blog\/category\/ceviri\/"},"img":{"alt_text":"","src":"https:\/\/i0.wp.com\/yalpertem.com\/blog\/wp-content\/uploads\/2018\/02\/yuval-noah-harari-will-the-future-be-human-1024x576.jpg?resize=350%2C200","width":350,"height":200,"srcset":"https:\/\/i0.wp.com\/yalpertem.com\/blog\/wp-content\/uploads\/2018\/02\/yuval-noah-harari-will-the-future-be-human-1024x576.jpg?resize=350%2C200 1x, https:\/\/i0.wp.com\/yalpertem.com\/blog\/wp-content\/uploads\/2018\/02\/yuval-noah-harari-will-the-future-be-human-1024x576.jpg?resize=525%2C300 1.5x"},"classes":[]},{"id":404,"url":"https:\/\/yalpertem.com\/blog\/2017\/10\/27\/enriquez-disiplinlerarasi-psikanaliz-iceren-calisma-uzerine\/","url_meta":{"origin":285,"position":5},"title":"Enriquez, Disiplinleraras\u0131 (psikanaliz i\u00e7eren) \u00c7al\u0131\u015fma \u00dczerine","author":"yalpertem","date":"27 October 2017","format":false,"excerpt":"\"Bireysel psi\u015fenin s\u00fcrekli yinelenen sistematik incelenmesine, olsa olsa kolektif psi\u015fenin k\u0131y\u0131lar\u0131ndan ge\u00e7ilerek ula\u015f\u0131laca\u011f\u0131n\u0131 sezinler gibiyiz. Freud'u sosyolojik bir eser vermeye y\u00f6nelten \u015fey, yaln\u0131zca sahip oldu\u011fu \u00fcst\u00fcn zek\u00e2 ya da toplumsal fenomenlere duydu\u011fu ilgi de\u011fildir. Tam aksine, d\u00fcr\u00fcst olmay\u0131 ve dolay\u0131s\u0131yla ke\u015fiflerinin\u00a0t\u00fcm sonu\u00e7lar\u0131n\u0131 derinle\u015ftirmeyi isteyen Freud'un hastalar\u0131\u0131n semptomatolojisinde etkin oldu\u011funu g\u00f6rd\u00fc\u011f\u00fc\u2026","rel":"","context":"In &quot;al\u0131nt\u0131&quot;","block_context":{"text":"al\u0131nt\u0131","link":"https:\/\/yalpertem.com\/blog\/category\/alinti\/"},"img":{"alt_text":"","src":"https:\/\/i0.wp.com\/yalpertem.com\/blog\/wp-content\/uploads\/2017\/10\/suruden-devlete-eugene-enriquez-188x300.jpg?resize=350%2C200","width":350,"height":200},"classes":[]}],"amp_enabled":true,"_links":{"self":[{"href":"https:\/\/yalpertem.com\/blog\/wp-json\/wp\/v2\/posts\/285","targetHints":{"allow":["GET"]}}],"collection":[{"href":"https:\/\/yalpertem.com\/blog\/wp-json\/wp\/v2\/posts"}],"about":[{"href":"https:\/\/yalpertem.com\/blog\/wp-json\/wp\/v2\/types\/post"}],"author":[{"embeddable":true,"href":"https:\/\/yalpertem.com\/blog\/wp-json\/wp\/v2\/users\/1"}],"replies":[{"embeddable":true,"href":"https:\/\/yalpertem.com\/blog\/wp-json\/wp\/v2\/comments?post=285"}],"version-history":[{"count":0,"href":"https:\/\/yalpertem.com\/blog\/wp-json\/wp\/v2\/posts\/285\/revisions"}],"wp:attachment":[{"href":"https:\/\/yalpertem.com\/blog\/wp-json\/wp\/v2\/media?parent=285"}],"wp:term":[{"taxonomy":"category","embeddable":true,"href":"https:\/\/yalpertem.com\/blog\/wp-json\/wp\/v2\/categories?post=285"},{"taxonomy":"post_tag","embeddable":true,"href":"https:\/\/yalpertem.com\/blog\/wp-json\/wp\/v2\/tags?post=285"}],"curies":[{"name":"wp","href":"https:\/\/api.w.org\/{rel}","templated":true}]}}