{"id":267,"date":"2017-09-03T20:03:10","date_gmt":"2017-09-03T17:03:10","guid":{"rendered":"http:\/\/yalpertem.com\/blog\/?p=267"},"modified":"2017-09-03T20:10:21","modified_gmt":"2017-09-03T17:10:21","slug":"handke-konusmak-yazismak-ve-muhabbet","status":"publish","type":"post","link":"https:\/\/yalpertem.com\/blog\/2017\/09\/03\/handke-konusmak-yazismak-ve-muhabbet\/","title":{"rendered":"Handke, Konu\u015fmak, Yaz\u0131\u015fmak ve Muhabbet"},"content":{"rendered":"<p><img data-recalc-dims=\"1\" loading=\"lazy\" decoding=\"async\" data-attachment-id=\"268\" data-permalink=\"https:\/\/yalpertem.com\/blog\/2017\/09\/03\/handke-konusmak-yazismak-ve-muhabbet\/solak-kadin-peter-handke\/\" data-orig-file=\"https:\/\/i0.wp.com\/yalpertem.com\/blog\/wp-content\/uploads\/2017\/09\/solak-kadin-peter-handke.jpg?fit=373%2C600&amp;ssl=1\" data-orig-size=\"373,600\" data-comments-opened=\"1\" data-image-meta=\"{&quot;aperture&quot;:&quot;0&quot;,&quot;credit&quot;:&quot;&quot;,&quot;camera&quot;:&quot;&quot;,&quot;caption&quot;:&quot;&quot;,&quot;created_timestamp&quot;:&quot;0&quot;,&quot;copyright&quot;:&quot;&quot;,&quot;focal_length&quot;:&quot;0&quot;,&quot;iso&quot;:&quot;0&quot;,&quot;shutter_speed&quot;:&quot;0&quot;,&quot;title&quot;:&quot;&quot;,&quot;orientation&quot;:&quot;0&quot;}\" data-image-title=\"solak kadin &amp;#8211; peter handke\" data-image-description=\"\" data-image-caption=\"\" data-large-file=\"https:\/\/i0.wp.com\/yalpertem.com\/blog\/wp-content\/uploads\/2017\/09\/solak-kadin-peter-handke.jpg?fit=373%2C600&amp;ssl=1\" class=\"size-medium wp-image-268 alignleft\" src=\"https:\/\/i0.wp.com\/yalpertem.com\/blog\/wp-content\/uploads\/2017\/09\/solak-kadin-peter-handke.jpg?resize=187%2C300\" alt=\"\" width=\"187\" height=\"300\" srcset=\"https:\/\/i0.wp.com\/yalpertem.com\/blog\/wp-content\/uploads\/2017\/09\/solak-kadin-peter-handke.jpg?resize=187%2C300&amp;ssl=1 187w, https:\/\/i0.wp.com\/yalpertem.com\/blog\/wp-content\/uploads\/2017\/09\/solak-kadin-peter-handke.jpg?w=373&amp;ssl=1 373w\" sizes=\"auto, (max-width: 187px) 100vw, 187px\" \/>&#8220;Parlak bir \u00f6\u011flen vaktiydi. Terasta kad\u0131n ve Franziska, iki sallanan sandalyede, iyice \u00f6rt\u00fcnm\u00fc\u015f olarak yan yana oturmu\u015flar, kurumu\u015f noel a\u011fac\u0131n\u0131 k\u0131r\u0131p ate\u015f yakan \u00e7ocuklar\u0131 seyrediyorlard\u0131.<\/p>\n<p>Bir s\u00fcre sonra Franziska, &#8220;Kap\u0131ya kadar gelip i\u00e7eri girememi\u015f olman\u0131 anl\u0131yorum&#8221; dedi. &#8220;Bazen ben de, sakin evimden \u00e7\u0131k\u0131p birileriyle bulu\u015fmaya giderken, kalabal\u0131k i\u00e7inde bulunmak istemedi\u011fim i\u00e7in, kendimi \u00f6lecek kadar yorgun hissediyorum&#8230;&#8221;<\/p>\n<p>Kad\u0131n: &#8220;Arkas\u0131ndan gelecek &#8216;ama&#8217;y\u0131 bekliyorum.&#8221;<\/p>\n<p>Franziska: &#8220;\u00d6nceleri bana da ayn\u0131s\u0131 oluyordu. \u00d6rne\u011fin g\u00fcn\u00fcn birinde konu\u015famamaya ba\u015flad\u0131m. Yaz\u0131\u015farak anla\u015f\u0131yordum insanlarla. Ya da a\u00e7\u0131k dolab\u0131n \u00f6n\u00fcnde saatlerce dikilip, ne giyece\u011fimi bilemedi\u011fim i\u00e7in a\u011fl\u0131yordum. Bir keresinde bir arkada\u015fla bir yere gitmek i\u00e7in yol \u00e7\u0131km\u0131\u015ft\u0131k, ans\u0131z\u0131n durdum. \u00d6ylece duruyordum, o da beni y\u00fcr\u00fcmem i\u00e7in ikna etmeye \u00e7al\u0131\u015f\u0131yordu. O zamanlar \u00e7ok daha gen\u00e7tim tabii. Senin ba\u015fkalar\u0131yla birlikte mutlu olmak gibi bir iste\u011fin yok mu?&#8221;<\/p>\n<p>Kad\u0131n: &#8220;Hay\u0131r. Ben mutlu olmak istemiyorum, en fazla ho\u015fnut olmak isteyebilirim. Mutluluktan korkuyorum. San\u0131r\u0131m beynim buna tahamm\u00fcl edemezdi. \u00c7\u0131ld\u0131r\u0131rd\u0131m veya \u00f6l\u00fcrd\u00fcm. Ya da birini \u00f6ld\u00fcr\u00fcrd\u00fcm.&#8221;<\/p>\n<p>Franziska: &#8220;Hayat\u0131n boyunca b\u00f6yle yaln\u0131z kalmak m\u0131 istiyorsun? Bedeni ve ruhuyla senin dostun olabilecek bir insan\u0131n \u00f6zlemini \u00e7ekmiyor musun?&#8221;<\/p>\n<p>Kad\u0131n sesini y\u00fckseltti: &#8220;Ah evet. Ah evet. Ama onun kim oldu\u011funu bilmek istemiyorum. Onunla s\u00fcrekli birlikte olsam bile onu kesinlikle tan\u0131mak istemezdim. Sadece&#8230;&#8221; -kendisine g\u00fcl\u00fcyor gibiydi- &#8220;Onun beceriksiz biri olmas\u0131n\u0131 isterdim, tam bir sakar yani; neden bunu istedi\u011fimi ben de bilmiyorum.&#8221; Kendi laf\u0131n\u0131n aras\u0131na girdi: &#8220;Ah Franziska yeni yetme biri gibi konu\u015fuyorum.&#8221;<\/p>\n<p>Franziska: &#8220;Ama benim neden sakar biri istedi\u011fim konusunda bir a\u00e7\u0131klamam var! Baban da b\u00f6yle biri de\u011fil mi? Son ziyaretinde tokala\u015fmak i\u00e7in masan\u0131n \u00fczerinden uzand\u0131\u011f\u0131nda hardal kab\u0131na dald\u0131rm\u0131\u015ft\u0131 elini.&#8221;<\/p>\n<p>Kad\u0131n g\u00fcld\u00fc; oyun oynayan \u00e7ocuk annesinin g\u00fclmesi al\u0131\u015f\u0131lmad\u0131k bir \u015feymi\u015f gibi bakm\u0131\u015ft\u0131.<\/p>\n<p>Franziska: &#8220;Baban bug\u00fcn \u00f6\u011fleden sonra trenle geliyor. Telgraf \u00e7ekip gelmesini istedim. Onu tren gar\u0131ndan al\u0131rs\u0131n\u0131z.&#8221;<\/p>\n<p>Bir s\u00fcre suskunluktan sonra kad\u0131n, &#8220;Bunu yapmamal\u0131yd\u0131n&#8221; dedi. &#8220;\u015eu an kimseyi istemiyorum. Birileri oluca her\u015fey [sic] masum ve zarars\u0131z g\u00f6r\u00fcn\u00fcyor.&#8221;<\/p>\n<p>Franziska: &#8220;Bence sen bir s\u00fcredir evdeki di\u011fer insanlar\u0131 sadece yabanc\u0131 sesler olarak ya\u015f\u0131yorsun.&#8221;<\/p>\n<p>Elini kad\u0131n\u0131n koluna koydu. &#8220;\u015eu an \u00e7evirdi\u011fim kitapta Baudelere&#8217;den bir al\u0131nt\u0131 var&#8221; dedi kad\u0131n. &#8220;Anlad\u0131\u011f\u0131 tek politik eylemin ba\u015fkald\u0131r\u0131 oldu\u011funu s\u00f6yl\u00fcyor. O s\u0131rada ans\u0131z\u0131n benim anlad\u0131\u011f\u0131m tek politik eylemin amok ko\u015fusu oldu\u011funu d\u00fc\u015f\u00fcnd\u00fcm.&#8221;<\/p>\n<p>Franziska: &#8220;Bruno mutlu olmak i\u00e7in yarat\u0131lm\u0131\u015f birine benziyor. \u015eu anki \u015fa\u015fk\u0131nl\u0131\u011f\u0131n\u0131n nedeni de bu. Bu nedenle b\u00f6ylesine dramatik davran\u0131\u015flar sergiliyor! Sinirlerimi bozdu\u011funu s\u00f6ylemeliyim. Yak\u0131nda onu kap\u0131 d\u0131\u015far\u0131 edece\u011fim.&#8221;<\/p>\n<p>Kad\u0131n: &#8220;Ah Franziska. Hepsi i\u00e7in ayn\u0131 \u015feyi s\u00f6yl\u00fcyorsun ve her devas\u0131nda terkedilen [sic] sen oluyorsun.&#8221;<\/p>\n<p>Franziska birka\u00e7 kez kar\u015f\u0131 \u00e7\u0131kacakm\u0131\u015f gibi yapt\u0131ktan sonra beklenmedik bi\u00e7imde yan\u0131t verdi: &#8220;Asl\u0131nda hakl\u0131s\u0131n!&#8221;<\/p>\n<p>G\u00f6z g\u00f6ze geldiler. Sonra kad\u0131n, iki d\u00fc\u015fman gibi birbirlerine arkalar\u0131n\u0131 d\u00f6nm\u00fc\u015f duran \u00e7ocuklara -\u015fi\u015fko \u00e7ocuk daha \u00fczg\u00fcnd\u00fc- seslendi: &#8220;Hey \u00e7ocuklar, bug\u00fcn d\u00fc\u015fmanl\u0131k yok!&#8221;<\/p>\n<p>\u015ei\u015fko \u00e7ocuk g\u00fcl\u00fcmsedi; hafiflemi\u015fti. \u0130ki \u00e7ocuk ba\u015flar\u0131 \u00f6ne e\u011fik, biraz zorlanarak da olsa birbirleriyle konu\u015fmaya ba\u015flad\u0131lar.&#8221;<\/p>\n<p>Peter Handke, Solak Kad\u0131n, \u00e7ev. S\u00fcheyla Kara, K\u0131rm\u0131z\u0131 Yay\u0131nlar\u0131, 2014 [1976], s. 46-8.<\/p>\n","protected":false},"excerpt":{"rendered":"<p>&#8220;Parlak bir \u00f6\u011flen vaktiydi. Terasta kad\u0131n ve Franziska, iki sallanan sandalyede, iyice \u00f6rt\u00fcnm\u00fc\u015f olarak yan yana oturmu\u015flar, kurumu\u015f noel a\u011fac\u0131n\u0131 k\u0131r\u0131p ate\u015f yakan \u00e7ocuklar\u0131 seyrediyorlard\u0131. Bir s\u00fcre sonra Franziska, &#8220;Kap\u0131ya kadar gelip i\u00e7eri girememi\u015f olman\u0131 anl\u0131yorum&#8221; dedi. &#8220;Bazen ben de, sakin evimden \u00e7\u0131k\u0131p birileriyle bulu\u015fmaya giderken, kalabal\u0131k i\u00e7inde bulunmak istemedi\u011fim i\u00e7in, kendimi \u00f6lecek kadar yorgun &hellip; <a href=\"https:\/\/yalpertem.com\/blog\/2017\/09\/03\/handke-konusmak-yazismak-ve-muhabbet\/\" class=\"more-link\">Continue reading <span class=\"screen-reader-text\">Handke, Konu\u015fmak, Yaz\u0131\u015fmak ve Muhabbet<\/span><\/a><\/p>\n","protected":false},"author":1,"featured_media":0,"comment_status":"open","ping_status":"open","sticky":false,"template":"","format":"standard","meta":{"_jetpack_memberships_contains_paid_content":false,"footnotes":""},"categories":[33,8],"tags":[9,73],"class_list":["post-267","post","type-post","status-publish","format-standard","hentry","category-alinti","category-roman","tag-peter-handke","tag-solak-kadin"],"aioseo_notices":[],"jetpack_featured_media_url":"","jetpack_sharing_enabled":true,"jetpack_shortlink":"https:\/\/wp.me\/p9WYIs-4j","jetpack-related-posts":[{"id":301,"url":"https:\/\/yalpertem.com\/blog\/2017\/09\/23\/handke-yorgunluk-uzerine\/","url_meta":{"origin":267,"position":0},"title":"Handke, Yorgunluk \u00dczerine","author":"yalpertem","date":"23 September 2017","format":false,"excerpt":"\"Bloch yoruluyordu, yorulduk\u00e7a her \u015feyi bir o kadar daha a\u00e7\u0131k se\u00e7ik alg\u0131lar, birini \u00f6b\u00fcr\u00fcnden o kadar iyi ay\u0131rt eder oldu. Kap\u0131 birisi \u00e7\u0131k\u0131nca hep a\u00e7\u0131k kald\u0131\u011f\u0131nda, hep birinin kalk\u0131p kap\u0131y\u0131 kapatt\u0131\u011f\u0131n\u0131 g\u00f6r\u00fcyordu. O kadar yorgundu ki her nesneyi kendi ba\u015f\u0131na, en ba\u015fta da d\u0131\u015f \u00e7izgilerini g\u00f6r\u00fcyordu, sanki nesnelerin sadece d\u0131\u015f\u2026","rel":"","context":"In &quot;al\u0131nt\u0131&quot;","block_context":{"text":"al\u0131nt\u0131","link":"https:\/\/yalpertem.com\/blog\/category\/alinti\/"},"img":{"alt_text":"","src":"https:\/\/i0.wp.com\/yalpertem.com\/blog\/wp-content\/uploads\/2017\/09\/kalecinin-penalti-anindaki-endisesi-200x300.jpg?resize=350%2C200","width":350,"height":200},"classes":[]},{"id":1220,"url":"https:\/\/yalpertem.com\/blog\/2018\/04\/19\/coetzee-cumanin-deneyimsizligi\/","url_meta":{"origin":267,"position":1},"title":"Coetzee, Cuma&#8217;n\u0131n Deneyim(sizli\u011f)i","author":"yalpertem","date":"19 April 2018","format":false,"excerpt":"\" \"Ah Cuma, bizim gibi s\u00f6zc\u00fckler d\u00fcnyas\u0131nda ya\u015fayanlar\u0131n sorular\u0131n\u0131n yan\u0131tlanmas\u0131 i\u00e7in duyduklar\u0131 iste\u011fin \u015fiddetini nas\u0131l anlayabilirsin sen? Birini \u00f6pt\u00fc\u011f\u00fcm\u00fcz zaman, \u00f6pt\u00fc\u011f\u00fcm\u00fcz ki\u015finin dudaklar\u0131n\u0131n bize yan\u0131t vermesini arzulad\u0131\u011f\u0131m\u0131z gibi bir arzu duyar\u0131z. B\u00f6yle olmasayd\u0131, krallar\u0131n, krali\u00e7elerin, tanr\u0131\u00e7alar\u0131n heykellerini \u00f6pmekle de tatmin olabilirdik. Sence neden heykelleri \u00f6pm\u00fcyoruz veya yata\u011f\u0131m\u0131za heykelleri alm\u0131yoruz. Erkekler\u2026","rel":"","context":"In &quot;al\u0131nt\u0131&quot;","block_context":{"text":"al\u0131nt\u0131","link":"https:\/\/yalpertem.com\/blog\/category\/alinti\/"},"img":{"alt_text":"","src":"https:\/\/i0.wp.com\/yalpertem.com\/blog\/wp-content\/uploads\/2018\/04\/john-maxwell-coetzee-d%C3%BC%C5%9Fman-foe-204x300.jpg?resize=350%2C200","width":350,"height":200},"classes":[]},{"id":32,"url":"https:\/\/yalpertem.com\/blog\/2016\/10\/22\/kalecinin-penalti-anindaki-endisesi-peter-handke\/","url_meta":{"origin":267,"position":2},"title":"Kalecinin Penalt\u0131 An\u0131ndaki Endi\u015fesi | Peter Handke","author":"yalpertem","date":"22 October 2016","format":false,"excerpt":"Kalecinin penalt\u0131 an\u0131ndaki endi\u015fesini Josef K.\u2019n\u0131n fena bir \u015fey yapmam\u0131\u015f olmas\u0131na ra\u011fmen tutuklanmas\u0131 gibi d\u00fc\u015f\u00fcnebilir miyiz? Josef K.\u2019y\u0131 tutuklad\u0131lar, Josef Bloch\u2019u i\u015ften att\u0131lar ve hikaye ba\u015flad\u0131. Bloch\u2019un ilk dereceden erkek karde\u015fleri Josef K., Mersault veya Samsa gibi g\u00f6r\u00fcn\u00fcyor. Buras\u0131 zaten edebi\/ele\u015ftirel k\u00fclliyat\u0131n da birikti\u011fi bir alan. Benim i\u00e7in zor alan.\u2026","rel":"","context":"In &quot;edebiyat&quot;","block_context":{"text":"edebiyat","link":"https:\/\/yalpertem.com\/blog\/category\/edebiyat\/"},"img":{"alt_text":"kalecinin-penalti-anindaki-endisesi","src":"https:\/\/i0.wp.com\/yalpertem.com\/blog\/wp-content\/uploads\/2016\/10\/kalecinin-penalti-anindaki-endisesi-200x300.jpg?resize=350%2C200","width":350,"height":200},"classes":[]},{"id":521,"url":"https:\/\/yalpertem.com\/blog\/2017\/11\/18\/handke-katlanilamazlik-deneyim-uzerine\/","url_meta":{"origin":267,"position":3},"title":"Handke, Katlan\u0131lamazl\u0131k ve Deneyim \u00dczerine","author":"yalpertem","date":"18 November 2017","format":false,"excerpt":"\"Kasabaya d\u00f6n\u00fcnce bir kafeye oturdu Bloch ve k\u00e2\u011f\u0131t oynayanlar\u0131 seyretmeye ba\u015flad\u0131. Arkas\u0131na oturdu\u011fu oyuncuyla aras\u0131nda tart\u0131\u015fma \u00e7\u0131kt\u0131. \u00d6b\u00fcr oyuncular Bloch'tan \u00e7ekip gitmesini istedi. Bloch arka odaya ge\u00e7ti. Diya g\u00f6sterili bir konferans veriliyordu. Bir s\u00fcre bakt\u0131. G\u00fcneydo\u011fu Asya'daki misyoner hastaneleri \u00fczerine bir konferanst\u0131 bu. Y\u00fcksek sesle lafa kar\u0131\u015fan Bloch, izleyicilerle at\u0131\u015fmaya\u2026","rel":"","context":"In &quot;al\u0131nt\u0131&quot;","block_context":{"text":"al\u0131nt\u0131","link":"https:\/\/yalpertem.com\/blog\/category\/alinti\/"},"img":{"alt_text":"","src":"https:\/\/i0.wp.com\/yalpertem.com\/blog\/wp-content\/uploads\/2017\/09\/kalecinin-penalti-anindaki-endisesi-200x300.jpg?resize=350%2C200","width":350,"height":200},"classes":[]},{"id":466,"url":"https:\/\/yalpertem.com\/blog\/2017\/11\/12\/parnet-deleuze-yazmak-ve-yazanin-olusu-uzerine\/","url_meta":{"origin":267,"position":4},"title":"Parnet &#038; Deleuze, Yazmak ve Yazan\u0131n (-)Olu\u015fu \u00dczerine","author":"yalpertem","date":"12 November 2017","format":false,"excerpt":"(\u00c7eviride baz\u0131 k\u0131s\u0131mlar -ilk c\u00fcmleden itibaren ve kitap boyunca- hatal\u0131 gibi g\u00f6r\u00fcn\u00fcyor fakat belki de metnin kendisi dilbilgisi kurallar\u0131ndan ka\u00e7\u0131\u015f amac\u0131ndad\u0131r, benim dilbilgim do\u011fruyu s\u00f6ylemeye ne yaz\u0131k ki yetmiyor -muhattap Ali Akay. Oldu\u011fu gibi aktar\u0131yorum.) \"\u00d6yle ki yazmak i\u00e7in ka\u00e7\u0131\u015f \u00e7izgileriyle, \u00f6z\u00fcnde, bir ili\u015fki kurmakt\u0131r. Yazmak; hayalg\u00fcc\u00fcn\u00fcn \u00fcr\u00fcn\u00fc olmayan ve\u2026","rel":"","context":"In &quot;al\u0131nt\u0131&quot;","block_context":{"text":"al\u0131nt\u0131","link":"https:\/\/yalpertem.com\/blog\/category\/alinti\/"},"img":{"alt_text":"","src":"https:\/\/i0.wp.com\/yalpertem.com\/blog\/wp-content\/uploads\/2017\/11\/diyaloglar-deleuze-parnet-208x300.jpg?resize=350%2C200","width":350,"height":200},"classes":[]},{"id":2728,"url":"https:\/\/yalpertem.com\/blog\/2019\/11\/20\/sollers-merkezdeki-houellebecq\/","url_meta":{"origin":267,"position":5},"title":"Sollers, Merkez&#8217;deki Houellebecq","author":"yalpertem","date":"20 November 2019","format":false,"excerpt":"\" TA\u015eRALILAR Psikanalize kar\u015f\u0131 d\u00fc\u015fmanl\u0131k\u00a0normal, ama bazen tuhaf boyutlara ula\u015f\u0131yor. Aralar\u0131ndaki ba\u011flar art\u0131k kopmu\u015f bile olsa entelekt\u00fceller s\u0131n\u0131f\u0131, \u00f6zellikle de filozoflar, bu konuda h\u00e2l\u00e2 sinir krizleri ge\u00e7iriyor. \u00d6rne\u011fin Peruk'u ele alal\u0131m. Babas\u0131n\u0131n tar\u0131m i\u015f\u00e7isini oldu\u011funu anlatmak i\u00e7in hi\u00e7bir f\u0131rsat\u0131 ka\u00e7\u0131rmayan iyi bir \u00e7ocuk. Katolik rahip \u00f6\u011fretmenlere kar\u015f\u0131 kesin bir tiksinti\u2026","rel":"","context":"In &quot;al\u0131nt\u0131&quot;","block_context":{"text":"al\u0131nt\u0131","link":"https:\/\/yalpertem.com\/blog\/category\/alinti\/"},"img":{"alt_text":"","src":"https:\/\/i0.wp.com\/yalpertem.com\/blog\/wp-content\/uploads\/2019\/11\/philippe-sollers-merkez-180x300.jpg?resize=350%2C200","width":350,"height":200},"classes":[]}],"amp_enabled":true,"_links":{"self":[{"href":"https:\/\/yalpertem.com\/blog\/wp-json\/wp\/v2\/posts\/267","targetHints":{"allow":["GET"]}}],"collection":[{"href":"https:\/\/yalpertem.com\/blog\/wp-json\/wp\/v2\/posts"}],"about":[{"href":"https:\/\/yalpertem.com\/blog\/wp-json\/wp\/v2\/types\/post"}],"author":[{"embeddable":true,"href":"https:\/\/yalpertem.com\/blog\/wp-json\/wp\/v2\/users\/1"}],"replies":[{"embeddable":true,"href":"https:\/\/yalpertem.com\/blog\/wp-json\/wp\/v2\/comments?post=267"}],"version-history":[{"count":0,"href":"https:\/\/yalpertem.com\/blog\/wp-json\/wp\/v2\/posts\/267\/revisions"}],"wp:attachment":[{"href":"https:\/\/yalpertem.com\/blog\/wp-json\/wp\/v2\/media?parent=267"}],"wp:term":[{"taxonomy":"category","embeddable":true,"href":"https:\/\/yalpertem.com\/blog\/wp-json\/wp\/v2\/categories?post=267"},{"taxonomy":"post_tag","embeddable":true,"href":"https:\/\/yalpertem.com\/blog\/wp-json\/wp\/v2\/tags?post=267"}],"curies":[{"name":"wp","href":"https:\/\/api.w.org\/{rel}","templated":true}]}}