{"id":2497,"date":"2019-02-18T23:10:28","date_gmt":"2019-02-18T20:10:28","guid":{"rendered":"https:\/\/yalpertem.com\/blog\/?p=2497"},"modified":"2019-02-18T23:10:35","modified_gmt":"2019-02-18T20:10:35","slug":"keskin-gozlemcinin-sonsuz-sonu","status":"publish","type":"post","link":"https:\/\/yalpertem.com\/blog\/2019\/02\/18\/keskin-gozlemcinin-sonsuz-sonu\/","title":{"rendered":"Keskin, G\u00f6zlemcinin Sonsuz Sonu"},"content":{"rendered":"\n<p>Ba\u015fkas\u0131 bamba\u015fka bir fig\u00fcre yorar elbet bu anlat\u0131c\u0131y\u0131. Benim kafamda g\u00f6zlemci var. Hayata bir t\u00fcrl\u00fc kar\u0131\u015fmayan, kar\u0131\u015famayan, seyir h\u00e2linde bekleyen yaya. Cam\u0131 a\u00e7\u0131p havaya ve seslere kar\u0131\u015famad\u0131\u011f\u0131ndan, d\u0131\u015far\u0131y\u0131 etkilememe \u00e7abas\u0131na ko\u015fut d\u0131\u015far\u0131dan etkilenmeme mecburiyeti de var. Ne olup bitecekse i\u00e7eride olmal\u0131. Merhem, ila\u00e7, sar\u0131lma, \u00f6\u011f\u00fct, destek, payla\u015fma yok. Bak\u0131\u015f nas\u0131l tek y\u00f6nl\u00fcyse -her bak\u0131\u015f olmasa da g\u00f6zlemcinin bak\u0131\u015f\u0131- ya\u015famak da tek y\u00f6nl\u00fc oluyor b\u00f6yle etkile\u015fime kapal\u0131 kuruldu\u011funda.<\/p>\n\n\n\n<p>Pop\u00fcler bir \u015fiirmi\u015f, okuyup par\u00e7alar\u0131n\u0131 Google&#8217;da arad\u0131ktan sonra \u00f6\u011frendim. Onlarca sitede izi s\u00fcr\u00fclm\u00fc\u015f, payla\u015f\u0131lm\u0131\u015f, dertlenilmi\u015f. Demek b\u00f6yle bir halet-i ruhiye rastlanabilir bir durum. Ama yine, herkes kendi me\u015frebince de\u011fer bi\u00e7iyordur, benim sezmedi\u011fim onca \u015fey vard\u0131r, oralardan bakanlar i\u00e7in.<\/p>\n\n\n\n<p>Her \u015fey olup bitti\u011finde, a\u015ft\u0131\u011f\u0131m\u0131zda, kar\u015f\u0131m\u0131za \u00e7\u0131kacak olan\u0131n \u00f6ncekinden daha zorlu olaca\u011f\u0131 ihtimaline yak\u0131n\u0131m. \u0130ki ana temam\u0131 i\u00e7eriyor: d\u0131\u015far\u0131dal\u0131k ve karamsarl\u0131k. \u0130kisi direkt ili\u015fkili diyemeyiz, d\u0131\u015far\u0131da durup iyiyi, g\u00fczeli ve imk\u00e2nlar\u0131 tespit eden g\u00f6zlemcilerin say\u0131s\u0131 da az\u0131msanamaz. Onlar di\u011fer g\u00f6zlemcileri k\u0131skand\u0131r\u0131r, \u00f6zendirir.<\/p>\n\n\n\n<p>G\u00fcnler biz dokunmad\u0131\u011f\u0131m\u0131zda &#8220;kendi kendine&#8221; mi ge\u00e7ecekler? Cam\u0131n \u00f6tesine ge\u00e7ti\u011fimizde g\u00fcnlerin ge\u00e7i\u015fini etkiliyoruz o halde. Karamsarl\u0131\u011f\u0131n i\u00e7inden bir \u00f6zne, tamamen ku\u015fat\u0131l\u0131p bast\u0131r\u0131lmam\u0131\u015f fakat geri \u00e7ekilme \u00f6zg\u00fcrl\u00fc\u011f\u00fc bulunan \u00f6zne de yakalabiliyor olmak, pek de bast\u0131r\u0131lmam\u0131\u015f bir kendili\u011fin varl\u0131\u011f\u0131n\u0131 tatmam\u0131za olana sa\u011fl\u0131yor. G\u00f6zlemciyi camlar\u0131n ard\u0131na atmad\u0131lar, o bile isteye orada durmay\u0131 se\u00e7ti.<\/p>\n\n\n\n<div class=\"wp-block-image\"><figure class=\"aligncenter is-resized\"><img data-recalc-dims=\"1\" loading=\"lazy\" decoding=\"async\" data-attachment-id=\"2498\" data-permalink=\"https:\/\/yalpertem.com\/blog\/2019\/02\/18\/keskin-gozlemcinin-sonsuz-sonu\/birhan-keskin-yol\/\" data-orig-file=\"https:\/\/i0.wp.com\/yalpertem.com\/blog\/wp-content\/uploads\/2019\/02\/birhan-keskin-yol.jpg?fit=400%2C600&amp;ssl=1\" data-orig-size=\"400,600\" data-comments-opened=\"1\" data-image-meta=\"{&quot;aperture&quot;:&quot;0&quot;,&quot;credit&quot;:&quot;&quot;,&quot;camera&quot;:&quot;&quot;,&quot;caption&quot;:&quot;&quot;,&quot;created_timestamp&quot;:&quot;0&quot;,&quot;copyright&quot;:&quot;&quot;,&quot;focal_length&quot;:&quot;0&quot;,&quot;iso&quot;:&quot;0&quot;,&quot;shutter_speed&quot;:&quot;0&quot;,&quot;title&quot;:&quot;&quot;,&quot;orientation&quot;:&quot;0&quot;}\" data-image-title=\"birhan keskin &amp;#8211; yol\" data-image-description=\"\" data-image-caption=\"\" data-large-file=\"https:\/\/i0.wp.com\/yalpertem.com\/blog\/wp-content\/uploads\/2019\/02\/birhan-keskin-yol.jpg?fit=400%2C600&amp;ssl=1\" src=\"https:\/\/i0.wp.com\/yalpertem.com\/blog\/wp-content\/uploads\/2019\/02\/birhan-keskin-yol.jpg?resize=276%2C414\" alt=\"\" class=\"wp-image-2498\" width=\"276\" height=\"414\" srcset=\"https:\/\/i0.wp.com\/yalpertem.com\/blog\/wp-content\/uploads\/2019\/02\/birhan-keskin-yol.jpg?w=400&amp;ssl=1 400w, https:\/\/i0.wp.com\/yalpertem.com\/blog\/wp-content\/uploads\/2019\/02\/birhan-keskin-yol.jpg?resize=200%2C300&amp;ssl=1 200w\" sizes=\"auto, (max-width: 276px) 100vw, 276px\" \/><\/figure><\/div>\n\n\n\n<p>&#8220;<\/p>\n\n\n\n<p>XXII<\/p>\n\n\n\n<p>G\u00fcnler \u00f6ylece kendi kendine ge\u00e7sin diye<br>Bir cam\u0131n arkas\u0131nda durdum<br>Bana dokunmas\u0131n hi\u00e7bir \u015fey<br>Hi\u00e7bir \u015fey yarama merhem olmas\u0131n<br>\u0130yile\u015fecekse, hi\u00e7bir \u015feysiz iyile\u015fsin diye<br>Bir cam\u0131n arkas\u0131nda durup<br>Akan hayata ve zamana bakt\u0131m.<br><br>Bilirdim, biliyordum, biliyorum,<br>Bitti\u011finde, ge\u00e7ti\u011finde,<br>Azald\u0131\u011f\u0131nda s\u0131z\u0131, iyile\u015fti\u011fimde,<br>O saman tad\u0131yla kar\u0131\u015ft\u0131\u011f\u0131nda;<br>Her \u015fey daha ac\u0131 olacak.<br>&#8220;<\/p>\n\n\n\n<p>Birhan Keskin, Y&#8217;ol, Metis Yay\u0131nlar\u0131, 2017 [2006], 10. bas\u0131m, s. 36.<\/p>\n","protected":false},"excerpt":{"rendered":"<p>Ba\u015fkas\u0131 bamba\u015fka bir fig\u00fcre yorar elbet bu anlat\u0131c\u0131y\u0131. Benim kafamda g\u00f6zlemci var. Hayata bir t\u00fcrl\u00fc kar\u0131\u015fmayan, kar\u0131\u015famayan, seyir h\u00e2linde bekleyen yaya. Cam\u0131 a\u00e7\u0131p havaya ve seslere kar\u0131\u015famad\u0131\u011f\u0131ndan, d\u0131\u015far\u0131y\u0131 etkilememe \u00e7abas\u0131na ko\u015fut d\u0131\u015far\u0131dan etkilenmeme mecburiyeti de var. Ne olup bitecekse i\u00e7eride olmal\u0131. Merhem, ila\u00e7, sar\u0131lma, \u00f6\u011f\u00fct, destek, payla\u015fma yok. Bak\u0131\u015f nas\u0131l tek y\u00f6nl\u00fcyse -her bak\u0131\u015f olmasa &hellip; <a href=\"https:\/\/yalpertem.com\/blog\/2019\/02\/18\/keskin-gozlemcinin-sonsuz-sonu\/\" class=\"more-link\">Continue reading <span class=\"screen-reader-text\">Keskin, G\u00f6zlemcinin Sonsuz Sonu<\/span><\/a><\/p>\n","protected":false},"author":1,"featured_media":0,"comment_status":"open","ping_status":"open","sticky":false,"template":"","format":"standard","meta":{"_jetpack_memberships_contains_paid_content":false,"footnotes":""},"categories":[1],"tags":[553,344,554],"class_list":["post-2497","post","type-post","status-publish","format-standard","hentry","category-genel","tag-birhan-keskin","tag-gozlemci","tag-yol"],"aioseo_notices":[],"jetpack_featured_media_url":"","jetpack_sharing_enabled":true,"jetpack_shortlink":"https:\/\/wp.me\/p9WYIs-Eh","jetpack-related-posts":[{"id":1262,"url":"https:\/\/yalpertem.com\/blog\/2018\/04\/24\/birsel-gozlemciye-giris\/","url_meta":{"origin":2497,"position":0},"title":"Birsel, G\u00f6zlemciye Giri\u015f (I)","author":"yalpertem","date":"24 April 2018","format":false,"excerpt":"\" Ben bir g\u00f6zlemciyim, uluslararas\u0131 bir g\u00f6zlemci. Gece uyurken bile g\u00f6zlemcilik g\u00f6revimi elden b\u0131rakmam. Gazinoda oturanlar, i\u015fportac\u0131lar, memurlar, m\u00fcd\u00fcrler, sat\u0131nalma kurulu \u00fcyeleri, \u015fof\u00f6rler, karaborsac\u0131lar, \u00f6nemli derneklerin genelyazmanlar\u0131, orospular, h\u0131rs\u0131zlar, ayd\u0131nlar hep benim g\u00f6zetimim alt\u0131ndad\u0131r. Ben, bu g\u00f6zlemcili\u011fe, \u00e7al\u0131\u015ft\u0131\u011f\u0131m T\u00fct\u00fcn Yaprakevi'nin deposunda al\u0131\u015ft\u0131m. \u0130\u015fimin, g\u00fcn\u00fcn yirmi d\u00f6rt saatinde etraf\u0131 kola\u00e7an etmek\u2026","rel":"","context":"In &quot;al\u0131nt\u0131&quot;","block_context":{"text":"al\u0131nt\u0131","link":"https:\/\/yalpertem.com\/blog\/category\/alinti\/"},"img":{"alt_text":"","src":"https:\/\/i0.wp.com\/yalpertem.com\/blog\/wp-content\/uploads\/2018\/04\/salah-birsel-d%C3%B6rt-k%C3%B6%C5%9Feli-%C3%BC%C3%A7gen-200x300.jpg?resize=350%2C200","width":350,"height":200},"classes":[]},{"id":1305,"url":"https:\/\/yalpertem.com\/blog\/2018\/04\/30\/birsel-gozlemciligin-sinirlari-ii\/","url_meta":{"origin":2497,"position":1},"title":"Birsel, G\u00f6zlemcili\u011fin S\u0131n\u0131rlar\u0131 (II)","author":"yalpertem","date":"30 April 2018","format":false,"excerpt":"Birsel, G\u00f6zlemciye Giri\u015f (I) \" T\u00fct\u00fcn Yaprakevi'nden kovulmama ben yery\u00fcz\u00fcndeki g\u00f6zlemcilik g\u00f6revimin daha iyi ger\u00e7ekle\u015fmesi i\u00e7in Tanr\u0131'n\u0131n d\u00fczenledi\u011fi bir olay g\u00f6z\u00fcyle bak\u0131yordum. Biriyle konu\u015fur, ekme\u011fimi b\u00f6ler, \u00e7ar\u015f\u0131da dola\u015f\u0131r, kad\u0131nlarla yatarken derledi\u011fim g\u00f6zlemlerin art\u0131k daha derin anlamlar\u0131 vard\u0131. Eskiden g\u00f6zlemcilik, varl\u0131\u011f\u0131ma ekli bir varl\u0131k durumdayken, \u015fimdiler damarlar\u0131mda akma\u011fa ba\u015flam\u0131\u015f, etime, sinirlerime\u2026","rel":"","context":"In &quot;al\u0131nt\u0131&quot;","block_context":{"text":"al\u0131nt\u0131","link":"https:\/\/yalpertem.com\/blog\/category\/alinti\/"},"img":{"alt_text":"","src":"https:\/\/i0.wp.com\/yalpertem.com\/blog\/wp-content\/uploads\/2018\/04\/sal%C3%A2h-birsel-d%C3%B6rt-k%C3%B6%C5%9Feli-%C3%BC%C3%A7gen-209x300.jpg?resize=350%2C200","width":350,"height":200},"classes":[]},{"id":259,"url":"https:\/\/yalpertem.com\/blog\/2017\/09\/03\/gurbuz-kendini-anlatan-birisi\/","url_meta":{"origin":2497,"position":2},"title":"G\u00fcrb\u00fcz, Kendini Anlatan Birisi","author":"yalpertem","date":"3 September 2017","format":false,"excerpt":"\"Ben \u00e7\u0131kt\u0131\u011f\u0131m yere, gezip g\u00f6rd\u00fckten sonra girmek ve giderek k\u00fc\u00e7\u00fclerek orada kalmak, bitmek istiyorum. Ne yapt\u0131\u011f\u0131m sorulursa, olur ya, sadece bekliyorum. Bazen \u00dcsk\u00fcdar'a y\u00fcr\u00fcrken g\u00f6zlerim sanki \u00e7ok ac\u0131l\u0131 ve a\u011flamakl\u0131 bir geceden \u00e7\u0131km\u0131\u015f\u0131m gibi k\u0131rp\u0131\u015farak, adeta tutu\u015farak yan\u0131yor. Etraf\u0131ma, gelen ge\u00e7ene bakmak istiyor, bakam\u0131yorum. G\u00f6zlerim k\u0131rp\u0131\u015f\u0131yor. Bal\u0131klar, marullar, k\u0131rm\u0131z\u0131 so\u011fanlar,\u2026","rel":"","context":"In &quot;al\u0131nt\u0131&quot;","block_context":{"text":"al\u0131nt\u0131","link":"https:\/\/yalpertem.com\/blog\/category\/alinti\/"},"img":{"alt_text":"","src":"https:\/\/i0.wp.com\/yalpertem.com\/blog\/wp-content\/uploads\/2017\/09\/coskuyla-olmek-sule-gurbuz-199x300.jpg?resize=350%2C200","width":350,"height":200},"classes":[]},{"id":3379,"url":"https:\/\/yalpertem.com\/blog\/2020\/04\/15\/kundera-ironi-uzerine\/","url_meta":{"origin":2497,"position":3},"title":"Kundera, Roman ve \u0130roni","author":"yalpertem","date":"15 April 2020","format":false,"excerpt":"Kundera ironiyi roman t\u00fcr\u00fcne i\u00e7kin bir \u00f6zellik olarak g\u00f6r\u00fcyor. \u0130roniden bahsederken onu bir s\u00f6z sanat\u0131 olarak de\u011fil, genel bir yakla\u015f\u0131m olarak an\u0131yor genelde. Her ne kadar ironi dese de, bahsetti\u011fi yakla\u015f\u0131m benim kafamda keskin h\u00e2liyle bir ironidense mu\u011flak bir ironi gibi \u00e7\u0131nl\u0131yor. S\u00f6ylemek istedi\u011fini o kadar kolay a\u00e7\u0131k etmeyen tevriye'de\u2026","rel":"","context":"In &quot;al\u0131nt\u0131&quot;","block_context":{"text":"al\u0131nt\u0131","link":"https:\/\/yalpertem.com\/blog\/category\/alinti\/"},"img":{"alt_text":"","src":"https:\/\/i0.wp.com\/yalpertem.com\/blog\/wp-content\/uploads\/2020\/04\/milan-kundera-roman-sanat%C4%B1-193x300.jpg?resize=350%2C200","width":350,"height":200},"classes":[]},{"id":1106,"url":"https:\/\/yalpertem.com\/blog\/2018\/03\/20\/cioran-yazi-siir-ve-bir-cesit-yasam-sanati\/","url_meta":{"origin":2497,"position":4},"title":"Cioran, Yaz\u0131, \u015eiir ve Bir \u00c7e\u015fit Ya\u015fam Sanat\u0131","author":"yalpertem","date":"20 March 2018","format":false,"excerpt":"\"B\u00fct\u00fcn fiiliyat\u0131m\u0131z\u0131n ard\u0131nda yatan \u015feyler var; psikolojik a\u00e7\u0131dan il\u00adgin\u00e7 olan da budur, sadece y\u00fczeyi biliriz, yapma taraf\u0131... Dile getiri\u00adlen \u015feyin i\u00e7ine girilir, ama \u00f6nemli olan, dile getirilmemi\u015f \u015feydir, z\u0131mni olan \u015feydir, bir davran\u0131\u015f\u0131n ya da bir s\u00f6z\u00fcn s\u0131rr\u0131. Bundan dola\u00ady\u0131 ba\u015fkalar\u0131 hakk\u0131ndaki ve kendimiz hakk\u0131ndaki yarg\u0131lar\u0131m\u0131z\u0131n bir b\u00f6l\u00fcm\u00fc yanl\u0131\u015ft\u0131r. Baya\u011f\u0131\u2026","rel":"","context":"In &quot;al\u0131nt\u0131&quot;","block_context":{"text":"al\u0131nt\u0131","link":"https:\/\/yalpertem.com\/blog\/category\/alinti\/"},"img":{"alt_text":"","src":"https:\/\/i0.wp.com\/yalpertem.com\/blog\/wp-content\/uploads\/2017\/10\/ezeli-maglup-emile-cioran-201x300.jpg?resize=350%2C200","width":350,"height":200},"classes":[]},{"id":4314,"url":"https:\/\/yalpertem.com\/blog\/2021\/07\/18\/gozlemcilik-ve-genclik-solstad\/","url_meta":{"origin":2497,"position":5},"title":"G\u00f6zlemcilik ve Gen\u00e7lik | Solstad","author":"yalpertem","date":"18 July 2021","format":false,"excerpt":"Ihlamurdere'nin her \u015feyi satan d\u00fckkanlar\u0131ndan ald\u0131\u011f\u0131m bantlarla kitaplar\u0131m\u0131n bir k\u0131sm\u0131n\u0131 kolilere k\u0131st\u0131r\u0131p ayr\u0131labileceklerimi -ki kitap ay\u0131rmak bana g\u00fczel bir edebiyat e\u011fitimi gibi gelmi\u015fti- sahaflara kendi ellerimle teslim ederek vedala\u015ft\u0131\u011f\u0131mdan ve okumaya al\u0131\u015ft\u0131\u011f\u0131m dilde yeni kitaplar edinmek zorla\u015ft\u0131\u011f\u0131ndan beri fiziksel kitaplarla arama mesafe girmi\u015fti. Aylarca tek bir kitap sayfas\u0131 \u00e7evirmedim, bir\u2026","rel":"","context":"In &quot;al\u0131nt\u0131&quot;","block_context":{"text":"al\u0131nt\u0131","link":"https:\/\/yalpertem.com\/blog\/category\/alinti\/"},"img":{"alt_text":"","src":"https:\/\/i0.wp.com\/yalpertem.com\/blog\/wp-content\/uploads\/2021\/07\/dag-solstad-singer.jpg?resize=350%2C200","width":350,"height":200},"classes":[]}],"amp_enabled":true,"_links":{"self":[{"href":"https:\/\/yalpertem.com\/blog\/wp-json\/wp\/v2\/posts\/2497","targetHints":{"allow":["GET"]}}],"collection":[{"href":"https:\/\/yalpertem.com\/blog\/wp-json\/wp\/v2\/posts"}],"about":[{"href":"https:\/\/yalpertem.com\/blog\/wp-json\/wp\/v2\/types\/post"}],"author":[{"embeddable":true,"href":"https:\/\/yalpertem.com\/blog\/wp-json\/wp\/v2\/users\/1"}],"replies":[{"embeddable":true,"href":"https:\/\/yalpertem.com\/blog\/wp-json\/wp\/v2\/comments?post=2497"}],"version-history":[{"count":0,"href":"https:\/\/yalpertem.com\/blog\/wp-json\/wp\/v2\/posts\/2497\/revisions"}],"wp:attachment":[{"href":"https:\/\/yalpertem.com\/blog\/wp-json\/wp\/v2\/media?parent=2497"}],"wp:term":[{"taxonomy":"category","embeddable":true,"href":"https:\/\/yalpertem.com\/blog\/wp-json\/wp\/v2\/categories?post=2497"},{"taxonomy":"post_tag","embeddable":true,"href":"https:\/\/yalpertem.com\/blog\/wp-json\/wp\/v2\/tags?post=2497"}],"curies":[{"name":"wp","href":"https:\/\/api.w.org\/{rel}","templated":true}]}}