{"id":2435,"date":"2018-12-16T21:15:54","date_gmt":"2018-12-16T18:15:54","guid":{"rendered":"https:\/\/yalpertem.com\/blog\/?p=2435"},"modified":"2018-12-16T21:16:00","modified_gmt":"2018-12-16T18:16:00","slug":"frankl-varolussal-bosluk-ve-pazar-gunu-nevrozu","status":"publish","type":"post","link":"https:\/\/yalpertem.com\/blog\/2018\/12\/16\/frankl-varolussal-bosluk-ve-pazar-gunu-nevrozu\/","title":{"rendered":"Frankl, Varolu\u015fsal Bo\u015fluk ve Pazar G\u00fcn\u00fc Nevrozu"},"content":{"rendered":"<p><img data-recalc-dims=\"1\" loading=\"lazy\" decoding=\"async\" data-attachment-id=\"2438\" data-permalink=\"https:\/\/yalpertem.com\/blog\/2018\/12\/16\/frankl-varolussal-bosluk-ve-pazar-gunu-nevrozu\/viktor-frankl-insanin-anlam-arayisi\/\" data-orig-file=\"https:\/\/i0.wp.com\/yalpertem.com\/blog\/wp-content\/uploads\/2018\/12\/viktor-frankl-insan%C4%B1n-anlam-aray%C4%B1%C5%9F%C4%B1.jpg?fit=415%2C600&amp;ssl=1\" data-orig-size=\"415,600\" data-comments-opened=\"1\" data-image-meta=\"{&quot;aperture&quot;:&quot;0&quot;,&quot;credit&quot;:&quot;&quot;,&quot;camera&quot;:&quot;&quot;,&quot;caption&quot;:&quot;&quot;,&quot;created_timestamp&quot;:&quot;0&quot;,&quot;copyright&quot;:&quot;&quot;,&quot;focal_length&quot;:&quot;0&quot;,&quot;iso&quot;:&quot;0&quot;,&quot;shutter_speed&quot;:&quot;0&quot;,&quot;title&quot;:&quot;&quot;,&quot;orientation&quot;:&quot;0&quot;}\" data-image-title=\"viktor frankl &amp;#8211; insan\u0131n anlam aray\u0131\u015f\u0131\" data-image-description=\"\" data-image-caption=\"\" data-large-file=\"https:\/\/i0.wp.com\/yalpertem.com\/blog\/wp-content\/uploads\/2018\/12\/viktor-frankl-insan%C4%B1n-anlam-aray%C4%B1%C5%9F%C4%B1.jpg?fit=415%2C600&amp;ssl=1\" class=\"wp-image-2438 aligncenter\" src=\"https:\/\/i0.wp.com\/yalpertem.com\/blog\/wp-content\/uploads\/2018\/12\/viktor-frankl-insan%C4%B1n-anlam-aray%C4%B1%C5%9F%C4%B1.jpg?resize=300%2C434\" alt=\"\" width=\"300\" height=\"434\" srcset=\"https:\/\/i0.wp.com\/yalpertem.com\/blog\/wp-content\/uploads\/2018\/12\/viktor-frankl-insan%C4%B1n-anlam-aray%C4%B1%C5%9F%C4%B1.jpg?resize=208%2C300&amp;ssl=1 208w, https:\/\/i0.wp.com\/yalpertem.com\/blog\/wp-content\/uploads\/2018\/12\/viktor-frankl-insan%C4%B1n-anlam-aray%C4%B1%C5%9F%C4%B1.jpg?w=415&amp;ssl=1 415w\" sizes=\"auto, (max-width: 300px) 100vw, 300px\" \/><\/p>\n<p>&#8221;<\/p>\n<p>Varolu\u015fsal bo\u015fluk, yirminci y\u00fczy\u0131l\u0131n yayg\u0131n bir olgusudur. Bu anla\u015f\u0131l\u0131r bir \u015feydir; bunun nedeni, ger\u00e7ek bir insan olduktan sonra insan\u0131n ya\u015fad\u0131\u011f\u0131 iki y\u00f6nl\u00fc bir kay\u0131p olabilir. Tarihin \u015fafa\u011f\u0131nda insan, bir hayvan\u0131n davran\u0131\u015flar\u0131n\u0131 belirleyen ve g\u00fcvence alt\u0131na alan baz\u0131 hayvanca i\u00e7g\u00fcd\u00fclerini kaybetmi\u015ftir. Cennet gibi, bu g\u00fcvenlik de insana sonsuza kadar kapanm\u0131\u015ft\u0131r; insan se\u00e7im yapmak zorundad\u0131r. Ne var ki buna ek olarak insan, davran\u0131\u015flar\u0131n\u0131 y\u00f6nlendiren geleneklerin h\u0131zla azald\u0131\u011f\u0131 son geli\u015fme d\u00f6neminde, bir ba\u015fka kay\u0131pla daha y\u00fcz y\u00fcze gelmi\u015ftir. Hi\u00e7bir i\u00e7g\u00fcd\u00fc ona ne yapaca\u011f\u0131n\u0131 s\u00f6ylemez. Hi\u00e7bir gelenek ona ne yapmas\u0131 gerekti\u011fini s\u00f6ylemez; bazen neyi arzulad\u0131\u011f\u0131n\u0131 bile bilmez. Bunun yerine ya di\u011fer insanlar\u0131n yapt\u0131\u011f\u0131 \u015feyleri arzular (uydumculuk) ya da di\u011fer insanlar\u0131n kendisinden yapmas\u0131n\u0131 istedikleri \u015feyleri yapar (totalitercilik).<\/p>\n<p>Son zamanlarda yap\u0131lan bir istatistiksel ara\u015ft\u0131rma, Avrupal\u0131 \u00f6\u011frencilerin y\u00fczde 25&#8217;inin \u015f\u00f6yle ya da b\u00f6yle belirgin bir varolu\u015fsal bo\u015fluk g\u00f6sterdi\u011fini ortaya \u00e7\u0131karm\u0131\u015ft\u0131r. Amerikal\u0131 \u00f6\u011frencilerde bu, y\u00fczde 60 olarak g\u00f6zlenmi\u015ftir.<\/p>\n<p>Varolu\u015fsal bo\u015fluk temel olarak kendini can s\u0131k\u0131nt\u0131s\u0131 durumunda d\u0131\u015favurur. \u0130nsanl\u0131\u011f\u0131n, bunalt\u0131 ve can s\u0131k\u0131nt\u0131s\u0131ndan olu\u015fan iki u\u00e7 aras\u0131nda sonsuza kadar mekik dokumaya mahk\u00fbm oldu\u011funu s\u00f6yleyen Schopenhauer&#8217;i anlayabiliriz. Ger\u00e7ekte bug\u00fcn can s\u0131k\u0131nt\u0131s\u0131, bunalt\u0131dan daha \u00e7ok soruna yol a\u00e7makta ve elbette psikiyatristlere, \u00e7\u00f6z\u00fcm bekleyen daha \u00e7ok sorun sunmaktad\u0131r. Ve bu sorunlar giderek daha \u00e7ok belirleyici olmaktad\u0131r, \u00e7\u00fcnk\u00fc ilerleyen otomasyon, bir olas\u0131l\u0131kla, ortalama \u00e7al\u0131\u015fan\u0131n bo\u015f zaman\u0131nda b\u00fcy\u00fck bir art\u0131\u015fa yol a\u00e7acakt\u0131r. Bunun \u00fcz\u00fcc\u00fc olan yan\u0131, bu insanlar\u0131n, yeni kazand\u0131klar\u0131 bo\u015f zamanlar\u0131nda ne yapacaklar\u0131n\u0131 bilmemeleridir.<\/p>\n<p>\u00d6rne\u011fin, &#8220;Pazar g\u00fcn\u00fc nevrozu&#8221;nu, yani hafta i\u00e7inin yo\u011fun i\u015flerinin tela\u015f\u0131ndan s\u0131yr\u0131lan ve kendi i\u00e7lerindeki bo\u015fluk belirginle\u015fti\u011fi zaman ya\u015famlar\u0131n\u0131n i\u00e7erikten yoksun oldu\u011funun fark\u0131na varan insanlar\u0131n ya\u015fad\u0131\u011f\u0131 tatil depresyonunu ele al\u0131n. Bir\u00e7ok intihar olay\u0131, bu varolu\u015fsal bo\u015flu\u011fa (vakuma) ba\u011flanabilir. Depresyon, sald\u0131rganl\u0131k, uyu\u015fturucu vb. al\u0131\u015fkanl\u0131\u011f\u0131 gibi bu t\u00fcrden yayg\u0131n olgular\u0131, bunlar\u0131n alt\u0131nda yatan varolu\u015fsal bo\u015flu\u011fu kavrayamad\u0131\u011f\u0131m\u0131z s\u00fcrece anlayamay\u0131z. Bu ayr\u0131ca emeklilerin ve ya\u015fl\u0131 insanlar\u0131n ya\u015fad\u0131\u011f\u0131 krizler i\u00e7in de ge\u00e7erlidir.<\/p>\n<p>Ayr\u0131ca varolu\u015fsal bo\u015flu\u011fun kendini g\u00f6sterdi\u011fi \u00e7e\u015fitli maskeler ve k\u0131l\u0131flar da s\u00f6z konusudur. Bazen engellenen anlam istemi, en ilkel g\u00fc\u00e7 istemi olan para istemi de dahil olmak \u00fczere, bir g\u00fc\u00e7 istemi ile temsil\u00ee bir yoldan dengelenir. Di\u011fer durumlarda, engellenen anlam isteminin yerini haz istemi al\u0131r. Varolu\u015fsal engellemenin bir\u00e7ok durumda cinsel dengeleme ile sonu\u00e7lanmas\u0131n\u0131n sebebi budur. Bu t\u00fcr durumlarda cinsel libidonun, varolu\u015fsal bo\u015flukta serpilip yay\u0131ld\u0131\u011f\u0131n\u0131 g\u00f6zlemleyebiliriz.<\/p>\n<p>Nevrotik durumlarda benzer bir olay ba\u015f g\u00f6sterir. Daha sonra de\u011finece\u011fim baz\u0131 yeni denetim mekanizmalar\u0131 ve k\u0131s\u0131r d\u00f6ng\u00fc olu\u015fumlar\u0131 vard\u0131r. Ne var ki, bu semptomolojinin, bir varolu\u015fsal vakuma s\u0131zd\u0131\u011f\u0131 ve burada geli\u015fmeyi s\u00fcrd\u00fcrd\u00fc\u011f\u00fc tekrar tekrar g\u00f6zlenebilir. Bu t\u00fcr hastalarda ele almak zorunda oldu\u011fumuz \u015fey, no\u00f6jenik nevroz de\u011fildir. Buna kar\u015f\u0131n logoterapiyi psikoterapiye destek olarak kullanmad\u0131\u011f\u0131m\u0131z takdirde, hastan\u0131n durumun \u00fcstesinden gelmesini kesinlikle ba\u015faramay\u0131z. \u00c7\u00fcnk\u00fc varolu\u015fsal bo\u015flu\u011fu doldurmak yoluyla hastan\u0131n, ileride geri tepmeler ya\u015famas\u0131 \u00f6nlenmi\u015f olur. Bu nedenle logoterapi sadece no\u00f6lojik olaylar i\u00e7in de\u011fil, ayr\u0131ca psikojenik (ruhsal k\u00f6kenli), hatta somatojenik (bedensel k\u00f6kenli) (yalanc\u0131) nevroz olaylar\u0131 i\u00e7in de tavsiye edilmektedir. Bu \u0131\u015f\u0131k alt\u0131nda bak\u0131ld\u0131\u011f\u0131nda Magda B. Arnold&#8217;un bir ifadesi hakl\u0131l\u0131k bulmaktad\u0131r: &#8220;Ne kadar k\u0131s\u0131tl\u0131 olursa olsun, her terapinin bir a\u00e7\u0131dan ayr\u0131ca logoterapi olmas\u0131 gerekir&#8221;.<\/p>\n<p>Hastan\u0131n, ya\u015fam\u0131n anlam\u0131n\u0131n ne oldu\u011funu sormas\u0131 halinde ne yapabilece\u011fimize bir bakal\u0131m.<\/p>\n<p style=\"text-align: center;\"><strong>YA\u015eAMIN ANLAMI<\/strong><\/p>\n<p>Bir doktorun bu soruya genel terimlerle cevap verebilece\u011finden ku\u015fkuluyum.<\/p>\n<p>&#8221;<\/p>\n<p>Viktor E. Frankl, \u0130nsan\u0131n Anlam Aray\u0131\u015f\u0131, \u00e7ev. Sel\u00e7uk Budak, Okuyan Us Yay\u0131nlar\u0131, 2009 [1946], s. 120-2.<\/p>\n","protected":false},"excerpt":{"rendered":"<p>&#8221; Varolu\u015fsal bo\u015fluk, yirminci y\u00fczy\u0131l\u0131n yayg\u0131n bir olgusudur. Bu anla\u015f\u0131l\u0131r bir \u015feydir; bunun nedeni, ger\u00e7ek bir insan olduktan sonra insan\u0131n ya\u015fad\u0131\u011f\u0131 iki y\u00f6nl\u00fc bir kay\u0131p olabilir. Tarihin \u015fafa\u011f\u0131nda insan, bir hayvan\u0131n davran\u0131\u015flar\u0131n\u0131 belirleyen ve g\u00fcvence alt\u0131na alan baz\u0131 hayvanca i\u00e7g\u00fcd\u00fclerini kaybetmi\u015ftir. Cennet gibi, bu g\u00fcvenlik de insana sonsuza kadar kapanm\u0131\u015ft\u0131r; insan se\u00e7im yapmak zorundad\u0131r. Ne &hellip; <a href=\"https:\/\/yalpertem.com\/blog\/2018\/12\/16\/frankl-varolussal-bosluk-ve-pazar-gunu-nevrozu\/\" class=\"more-link\">Continue reading <span class=\"screen-reader-text\">Frankl, Varolu\u015fsal Bo\u015fluk ve Pazar G\u00fcn\u00fc Nevrozu<\/span><\/a><\/p>\n","protected":false},"author":1,"featured_media":0,"comment_status":"open","ping_status":"open","sticky":false,"template":"","format":"standard","meta":{"_jetpack_memberships_contains_paid_content":false,"footnotes":""},"categories":[1,541],"tags":[543,542],"class_list":["post-2435","post","type-post","status-publish","format-standard","hentry","category-genel","category-psikoloji","tag-insanin-anlam-arayisi","tag-viktor-frankl"],"aioseo_notices":[],"jetpack_featured_media_url":"","jetpack_sharing_enabled":true,"jetpack_shortlink":"https:\/\/wp.me\/p9WYIs-Dh","jetpack-related-posts":[{"id":1432,"url":"https:\/\/yalpertem.com\/blog\/2018\/05\/10\/tarkovski-gecmisten-gunumuze-insanlik\/","url_meta":{"origin":2435,"position":0},"title":"Tarkovski, Ge\u00e7mi\u015ften G\u00fcn\u00fcm\u00fcze \u0130nsanl\u0131k","author":"yalpertem","date":"10 May 2018","format":false,"excerpt":"\" 9 Eyl\u00fcl Garip olan \u015fey insanlar herhangi bir nedenden dolay\u0131, bu bir yap\u0131m ya da co\u011frafya olabilir, biraraya geldiklerinde birbirlerinden nefret etmeye ba\u015flay\u0131p birbirlerini a\u015fa\u011f\u0131l\u0131yorlar. \u00c7\u00fcnk\u00fc herkes kendini seviyor. Toplum, er ya da ge\u00e7 \u015feytani, k\u00f6t\u00fc ve \u00f6l\u00fcmc\u00fcl bulutlar gibi y\u00fckselip k\u0131talar\u0131n \u00fczerini kaplayacak bir ill\u00fczyondur. Tek bir \u015feyi\u2026","rel":"","context":"In &quot;genel&quot;","block_context":{"text":"genel","link":"https:\/\/yalpertem.com\/blog\/category\/genel\/"},"img":{"alt_text":"","src":"https:\/\/i0.wp.com\/yalpertem.com\/blog\/wp-content\/uploads\/2018\/05\/andrey-tarkovsky-zaman-zaman-i%C3%A7inde-203x300.png?resize=350%2C200","width":350,"height":200},"classes":[]},{"id":4955,"url":"https:\/\/yalpertem.com\/blog\/2022\/05\/26\/duras-yazmaktan\/","url_meta":{"origin":2435,"position":1},"title":"Duras, Yazmak&#8217;tan","author":"yalpertem","date":"26 May 2022","format":false,"excerpt":"Duras'\u0131n devam edi\u015finin itici g\u00fcc\u00fc ilk olarak yazmak ama bunun bir ad\u0131m ilerisinde de hep bir yap\u0131t -onun i\u00e7in sadece kitap var gibi- fikriymi\u015f. 'Duramayan' yazarlardan gibi g\u00f6r\u00fcn\u00fcyor bu geriye d\u00f6n\u00fck bak\u0131\u015f\u0131nda. S\u0131k s\u0131k yaln\u0131zl\u0131\u011f\u0131, sonras\u0131nda da destekleyicileri, viskiyi ve ne yazaca\u011f\u0131na dair fikri olmad\u0131\u011f\u0131ndaki sonsuz olas\u0131l\u0131klar\u0131n heyecan\u0131n\u0131 an\u0131yor. Yazman\u0131n\u2026","rel":"","context":"In &quot;al\u0131nt\u0131&quot;","block_context":{"text":"al\u0131nt\u0131","link":"https:\/\/yalpertem.com\/blog\/category\/alinti\/"},"img":{"alt_text":"","src":"https:\/\/i0.wp.com\/yalpertem.com\/blog\/wp-content\/uploads\/2022\/05\/duras-yazmak-1024x683.jpg?resize=350%2C200","width":350,"height":200,"srcset":"https:\/\/i0.wp.com\/yalpertem.com\/blog\/wp-content\/uploads\/2022\/05\/duras-yazmak-1024x683.jpg?resize=350%2C200 1x, https:\/\/i0.wp.com\/yalpertem.com\/blog\/wp-content\/uploads\/2022\/05\/duras-yazmak-1024x683.jpg?resize=525%2C300 1.5x"},"classes":[]},{"id":906,"url":"https:\/\/yalpertem.com\/blog\/2018\/01\/25\/sayin-aydinlanmacilik-mitosundan-kesik-basa\/","url_meta":{"origin":2435,"position":2},"title":"Say\u0131n, Ayd\u0131nlanmac\u0131l\u0131k Mitosundan Kesik Ba\u015fa","author":"yalpertem","date":"25 January 2018","format":false,"excerpt":"\"Ayd\u0131nlanmac\u0131l\u0131\u011f\u0131n bir mitos, mitosun da bir Ayd\u0131nlanmac\u0131l\u0131k oldu\u011funu, di\u011fer canl\u0131larla kar\u015f\u0131la\u015ft\u0131r\u0131l\u0131nca insan\u0131n ba\u015f\u0131na bela olan dikilme cinneti y\u00fcz\u00fcnden Ayd\u0131nlanmac\u0131l\u0131\u011f\u0131n da mitosun da do\u011fal mek\u00e2n kar\u015f\u0131s\u0131nda duyulan korkudan kaynakland\u0131\u011f\u0131n\u0131 yaz\u0131yor Adorno ve Horkheimer. Ayd\u0131nlanmac\u0131l\u0131k mek\u00e2n\u0131 ele ge\u00e7irmeye \u00e7al\u0131\u015f\u0131rken, mitos onunla uyum sa\u011flamaya, ona benzemeye, ona d\u00f6n\u00fc\u015fmeye \u00e7al\u0131\u015f\u0131yor. Korkudan, korktu\u011funa egemen olmak\u2026","rel":"","context":"In &quot;al\u0131nt\u0131&quot;","block_context":{"text":"al\u0131nt\u0131","link":"https:\/\/yalpertem.com\/blog\/category\/alinti\/"},"img":{"alt_text":"","src":"https:\/\/i0.wp.com\/yalpertem.com\/blog\/wp-content\/uploads\/2018\/01\/%C3%B6l%C3%BCm-terbiyesi-zeynep-say%C4%B1n-199x300.jpg?resize=350%2C200","width":350,"height":200},"classes":[]},{"id":2892,"url":"https:\/\/yalpertem.com\/blog\/2019\/12\/01\/camus-romana-baslamak-veba\/","url_meta":{"origin":2435,"position":3},"title":"Camus, Romana Ba\u015flamak (Veba)","author":"yalpertem","date":"1 December 2019","format":false,"excerpt":"Veban\u0131n \u00e7\u00f6kt\u00fc\u011f\u00fc kentin salg\u0131n \u00f6ncesi tasviri, hikayenin mekan\u0131n\u0131n kurulu\u015fu. Camus yazd\u0131\u011f\u0131 az say\u0131da romana ne g\u00fczel ba\u015fl\u0131yor, ne g\u00fczel bitiriyor. Romanc\u0131 kimli\u011fi daha g\u00fcndelik ya da anl\u0131k olan\u0131n betimlemelerinde ya da tali duygular\u0131 yakalamada ne kadar -belki istemli olarak- eksikse, genel atmosferi kurmada, d\u00fc\u015f\u00fcncelerin ifadesinde o kadar g\u00fc\u00e7l\u00fc. Bir ele\u015ftirmen,\u2026","rel":"","context":"In &quot;al\u0131nt\u0131&quot;","block_context":{"text":"al\u0131nt\u0131","link":"https:\/\/yalpertem.com\/blog\/category\/alinti\/"},"img":{"alt_text":"","src":"https:\/\/i0.wp.com\/yalpertem.com\/blog\/wp-content\/uploads\/2019\/12\/albert-camus-veba-192x300.jpg?resize=350%2C200","width":350,"height":200},"classes":[]},{"id":1862,"url":"https:\/\/yalpertem.com\/blog\/2018\/07\/09\/agamben-utanc-fikri\/","url_meta":{"origin":2435,"position":4},"title":"Agamben, Utan\u00e7 Fikri","author":"yalpertem","date":"9 July 2018","format":false,"excerpt":"\" I. Antik d\u00fcnyan\u0131n insan\u0131, ne sefalet duygusunu bilir ne de son kertede insan\u0131n talihsizli\u011finden t\u00fcm azameti s\u00f6k\u00fcp alan \u015fans\u0131. Elbette ne\u015fe,\u00a0\u03cb\u03b2\u03c1\u03b9\u03b6\u00a0gibi, her an tersine d\u00f6n\u00fcp en ac\u0131 yan\u0131lsama haline gelebilir; i\u015fte tam o anda trajik araya girer ve sefalet ihtimalini bertaraf etmek i\u00e7in kahramanca m\u00fcdahale eder. Antik insan\u0131n kader\u2026","rel":"","context":"In &quot;al\u0131nt\u0131&quot;","block_context":{"text":"al\u0131nt\u0131","link":"https:\/\/yalpertem.com\/blog\/category\/alinti\/"},"img":{"alt_text":"","src":"https:\/\/i0.wp.com\/yalpertem.com\/blog\/wp-content\/uploads\/2018\/07\/giorgio-agamben-nesir-fikri-196x300.png?resize=350%2C200","width":350,"height":200},"classes":[]},{"id":2863,"url":"https:\/\/yalpertem.com\/blog\/2019\/11\/21\/walser-simon-tanner-dolasiyor\/","url_meta":{"origin":2435,"position":5},"title":"Walser, Simon Tanner Dola\u015f\u0131yor","author":"yalpertem","date":"21 November 2019","format":false,"excerpt":"Walser bir\u00e7ok noktada kendinden sonra gelenlere fikirler, c\u00fcmleler, karakterler miras b\u0131rakm\u0131\u015f gibi. Ge\u00e7mi\u015ften de devralm\u0131\u015ft\u0131r epeycesini elbette fakat ona do\u011fru akan metinleri pek bilmiyorum. Devrald\u0131klar\u0131ndan, benim a\u015fina oldu\u011fum ilk temas, karakterin zarlar\u0131yla ilgili. Kendini dipte muhatab\u0131n\u0131 g\u00f6kte kuran, yine de tamamen ezik olmayan, d\u00fcnyay\u0131 a\u015fa\u011f\u0131dan k\u00fc\u00e7\u00fcmseyen veya hafife alan, \u00f6yle\u2026","rel":"","context":"In &quot;al\u0131nt\u0131&quot;","block_context":{"text":"al\u0131nt\u0131","link":"https:\/\/yalpertem.com\/blog\/category\/alinti\/"},"img":{"alt_text":"","src":"https:\/\/i0.wp.com\/yalpertem.com\/blog\/wp-content\/uploads\/2019\/11\/robert-walser-tanner-kardesler-196x300.jpg?resize=350%2C200","width":350,"height":200},"classes":[]}],"amp_enabled":true,"_links":{"self":[{"href":"https:\/\/yalpertem.com\/blog\/wp-json\/wp\/v2\/posts\/2435","targetHints":{"allow":["GET"]}}],"collection":[{"href":"https:\/\/yalpertem.com\/blog\/wp-json\/wp\/v2\/posts"}],"about":[{"href":"https:\/\/yalpertem.com\/blog\/wp-json\/wp\/v2\/types\/post"}],"author":[{"embeddable":true,"href":"https:\/\/yalpertem.com\/blog\/wp-json\/wp\/v2\/users\/1"}],"replies":[{"embeddable":true,"href":"https:\/\/yalpertem.com\/blog\/wp-json\/wp\/v2\/comments?post=2435"}],"version-history":[{"count":0,"href":"https:\/\/yalpertem.com\/blog\/wp-json\/wp\/v2\/posts\/2435\/revisions"}],"wp:attachment":[{"href":"https:\/\/yalpertem.com\/blog\/wp-json\/wp\/v2\/media?parent=2435"}],"wp:term":[{"taxonomy":"category","embeddable":true,"href":"https:\/\/yalpertem.com\/blog\/wp-json\/wp\/v2\/categories?post=2435"},{"taxonomy":"post_tag","embeddable":true,"href":"https:\/\/yalpertem.com\/blog\/wp-json\/wp\/v2\/tags?post=2435"}],"curies":[{"name":"wp","href":"https:\/\/api.w.org\/{rel}","templated":true}]}}