{"id":1989,"date":"2018-08-12T15:10:10","date_gmt":"2018-08-12T12:10:10","guid":{"rendered":"http:\/\/yalpertem.com\/blog\/?p=1989"},"modified":"2018-10-28T23:56:51","modified_gmt":"2018-10-28T20:56:51","slug":"celine-kentin-ceperlerinde-gezinti","status":"publish","type":"post","link":"https:\/\/yalpertem.com\/blog\/2018\/08\/12\/celine-kentin-ceperlerinde-gezinti\/","title":{"rendered":"C\u00e9line, Kentin \u00c7eperlerinde Gezinti"},"content":{"rendered":"<figure class=\"wp-block-image aligncenter is-resized\"><img data-recalc-dims=\"1\" loading=\"lazy\" decoding=\"async\" data-attachment-id=\"1992\" data-permalink=\"https:\/\/yalpertem.com\/blog\/2018\/08\/12\/celine-kentin-ceperlerinde-gezinti\/louis-ferdinand-celine-gecenin-sonuna-yolculuk\/\" data-orig-file=\"https:\/\/i0.wp.com\/yalpertem.com\/blog\/wp-content\/uploads\/2018\/08\/louis-ferdinand-c%C3%A9line-gecenin-sonuna-yolculuk.jpg?fit=385%2C600&amp;ssl=1\" data-orig-size=\"385,600\" data-comments-opened=\"1\" data-image-meta=\"{&quot;aperture&quot;:&quot;0&quot;,&quot;credit&quot;:&quot;&quot;,&quot;camera&quot;:&quot;&quot;,&quot;caption&quot;:&quot;&quot;,&quot;created_timestamp&quot;:&quot;0&quot;,&quot;copyright&quot;:&quot;&quot;,&quot;focal_length&quot;:&quot;0&quot;,&quot;iso&quot;:&quot;0&quot;,&quot;shutter_speed&quot;:&quot;0&quot;,&quot;title&quot;:&quot;&quot;,&quot;orientation&quot;:&quot;0&quot;}\" data-image-title=\"louis-ferdinand-c\u00e9line-gecenin-sonuna-yolculuk\" data-image-description=\"\" data-image-caption=\"\" data-large-file=\"https:\/\/i0.wp.com\/yalpertem.com\/blog\/wp-content\/uploads\/2018\/08\/louis-ferdinand-c%C3%A9line-gecenin-sonuna-yolculuk.jpg?fit=385%2C600&amp;ssl=1\" class=\"wp-image-1992 aligncenter\" src=\"https:\/\/i0.wp.com\/yalpertem.com\/blog\/wp-content\/uploads\/2018\/08\/louis-ferdinand-c%C3%A9line-gecenin-sonuna-yolculuk.jpg?resize=300%2C468\" alt=\"\" width=\"300\" height=\"468\" srcset=\"https:\/\/i0.wp.com\/yalpertem.com\/blog\/wp-content\/uploads\/2018\/08\/louis-ferdinand-c%C3%A9line-gecenin-sonuna-yolculuk.jpg?resize=193%2C300&amp;ssl=1 193w, https:\/\/i0.wp.com\/yalpertem.com\/blog\/wp-content\/uploads\/2018\/08\/louis-ferdinand-c%C3%A9line-gecenin-sonuna-yolculuk.jpg?w=385&amp;ssl=1 385w\" sizes=\"auto, (max-width: 300px) 100vw, 300px\" \/><\/figure>\n\n\n<p>&#8220;&#8230; Annemle birlikte hastane yak\u0131nlar\u0131ndaki sokaklarda b\u00fcy\u00fck bir tur att\u0131k, bir \u00f6\u011fleden sonram\u0131z\u0131 aylak aylak y\u00fcr\u00fcyerek ge\u00e7irdik o civarlardaki sokak m\u00fcsveddelerinde, hen\u00fcz boyanmam\u0131\u015f sokak lambal\u0131 sokaklar, su s\u0131zd\u0131ran cepheler, sarkan y\u00fczlerce k\u00fc\u00e7\u00fck kuma\u015f par\u00e7as\u0131yla alacalanm\u0131\u015f pencereler, yoksullar\u0131n g\u00f6mlekleri, bir yandan da \u00f6\u011fle vaktinde c\u0131z\u0131rdayan yan\u0131k ya\u011flar\u0131n \u00e7\u0131kard\u0131\u011f\u0131 hafif sesleri dinliyorduk, o k\u00f6t\u00fc ya\u011f f\u0131rt\u0131nas\u0131n\u0131. Kenti \u00e7evreleyen o koca la\u00e7kal\u0131\u011f\u0131n bak\u0131ms\u0131zl\u0131\u011f\u0131nda, o \u015fatafat\u0131n\u0131n sahteli\u011finin d\u00f6k\u00fclmeye ba\u015flay\u0131p \u00e7\u00fcr\u00fcm\u00fc\u015fl\u00fck olarak sona erdi\u011fi noktada, kent, g\u00f6rmesini bilenlere \u00e7\u00f6p kutusuna d\u00f6nm\u00fc\u015f poposunu g\u00f6sterir. Dola\u015f\u0131rken uzak durdu\u011funuz fabrikalar vard\u0131r, her t\u00fcr kokuyu yayarlar, hatta kimileri \u00f6ylesine inan\u0131lmazd\u0131r ki, \u00e7evredeki hava bundan daha pis kokmay\u0131 reddeder. Hemen yan\u0131 ba\u015f\u0131nda, e\u015fit boyda olmayan iki y\u00fcksek baca aras\u0131na s\u0131k\u0131\u015fm\u0131\u015f k\u00fc\u00e7\u00fck panay\u0131r yeri k\u00fcflenmektedir, boyas\u0131 d\u00f6k\u00fclm\u00fc\u015f o atl\u0131kar\u0131ncalar, onlara binmek i\u00e7in, hem de \u00e7o\u011fu kez haftalar boyunca can o atan o iskelete d\u00f6nm\u00fc\u015f, terkedilmi\u015flerinin, sefalet ve m\u00fczi\u011fin hem \u00e7ekti\u011fi, hem itti\u011fi, hem de al\u0131koydu\u011fu, t\u00fcm parmaklar\u0131n\u0131 burunlar\u0131na sokmu\u015f s\u00fcm\u00fckl\u00fc veletlerin \u00f6deyemeyecekleri kadar pahal\u0131d\u0131r.<\/p>\n\n\n\n<p>Her \u015fey, ger\u00e7e\u011fi bu yerlerden uzak tutma \u00e7abalar\u0131 i\u00e7inde s\u00fcr\u00fcp gidiyor; oysa o yine bir yolunu bulup tek tek herkes i\u00e7in a\u011flamak \u00fczere geri geliyor; yani ne yaparsak yapal\u0131m, i\u00e7ki de i\u00e7sek, hem de h\u00e2l\u00e2 m\u00fcrekkep kadar koyu k\u0131rm\u0131z\u0131 \u015farap bile i\u00e7sek, g\u00f6ky\u00fcz\u00fc orada h\u00e2l\u00e2 ayn\u0131 g\u00f6ky\u00fcz\u00fc, kenar mahallelerin dumanlar\u0131n\u0131n \u00fcst\u00fcne bir b\u00fcy\u00fck batakl\u0131k gibi iyice kapanm\u0131\u015f.<\/p>\n\n\n\n<p>Yerde, \u00e7amur yorgunlu\u011funuzu \u00e7eki\u015ftirir, ya\u015fam\u0131n yan yollar\u0131 da oteller ve yine fabrikalar taraf\u0131ndan iyice kapat\u0131lm\u0131\u015ft\u0131r. Bu taraf\u0131n duvarlar\u0131 daha \u015fimdiden tabut gibidir. Lola, \u00e7ekti gitti, Musyne de, kimsem kalmam\u0131\u015ft\u0131. \u0130\u015fte bu nedenle sonunda anama mektup yazm\u0131\u015ft\u0131m, hi\u00e7 olmazsa birilerini g\u00f6reyim diye. Daha yirmi ya\u015f\u0131ndayken ge\u00e7mi\u015fimden ba\u015fka bir \u015feyim kalmam\u0131\u015ft\u0131. Annemle birlikte Pazar g\u00fcn\u00fcn\u00fcn sokaklar\u0131nda dolan\u0131p durduk. Bana i\u015fiyle ilgili s\u0131radan \u015feyler anlat\u0131yordu, onun \u00e7evresinde, kentte, sava\u015fla ilgili s\u00f6ylenenleri, sava\u015f\u0131n \u00fcz\u00fcc\u00fc oldu\u011funu, hatta &#8220;korkun\u00e7&#8221; oldu\u011funu, ancak \u00e7ok cesur olmak kayd\u0131yla hepimizin er ge\u00e7 bunun \u00fcstesinden gelece\u011fimizi; onun g\u00f6z\u00fcnde \u00f6ld\u00fcr\u00fclenler basit birer kazayd\u0131, at yar\u0131\u015f\u0131nda oldu\u011fu gibi, s\u0131k\u0131 tutunsalard\u0131, d\u00fc\u015fmeyeceklerdi. Annem a\u00e7\u0131s\u0131ndan sava\u015f, fazla da kurcalamak istemedi\u011fi yeni bir b\u00fcy\u00fck \u00fcz\u00fcnt\u00fc kayna\u011f\u0131ndan ibaretti; bu \u00fcz\u00fcnt\u00fc onu sanki korkutuyor gibiydi; anlayamad\u0131\u011f\u0131 \u00fcrk\u00fct\u00fcc\u00fc \u015feylerle doluydu. Asl\u0131nda o, kendisi gibi s\u0131radan insanlar\u0131n her \u015feyden ac\u0131 \u00e7ekmek i\u00e7in yarat\u0131ld\u0131klar\u0131na inan\u0131yordu, yery\u00fcz\u00fcndeki i\u015flevlerinin bu oldu\u011funu d\u00fc\u015f\u00fcn\u00fcyordu, e\u011fer i\u015fler son zamanlarda bu kadar k\u00f6t\u00fcye gidiyorsa, bu yine, b\u00fcy\u00fck \u00f6l\u00e7\u00fcde, s\u0131radan insanlar\u0131n i\u015flemi\u015f olduklar\u0131 birikmi\u015f nice g\u00fcnahtan kaynaklan\u0131yordu&#8230; Budalaca \u015feyler yapm\u0131\u015f olsalar gerek, fark\u0131na varmadan, elbette, ancak bu yine de onlar\u0131 su\u00e7lu olmaktan kurtarmazd\u0131, asl\u0131nda \u015f\u00fckretmeliydiler, \u00e7\u00fcnk\u00fc onlara bu \u015fekilde ac\u0131 \u00e7ekerek utan\u00e7 verici davran\u0131\u015flar\u0131n\u0131n kefaretini \u00f6deme f\u0131rsat\u0131 verilmi\u015fti&#8230; Annem tam bir &#8220;parya&#8221;yd\u0131.<\/p>\n\n\n\n<p>Bu trajik ve kaderci iyimserlik onun i\u00e7in bir inan\u00e7 i\u015flevi g\u00f6r\u00fcyor, do\u011fas\u0131n\u0131n \u00f6z\u00fcn\u00fc olu\u015fturuyordu.<\/p>\n\n\n\n<p>Ya\u011fmur alt\u0131nda, ikimiz birlikte parsellenmeyi bekleyen sokaklarda ilerliyorduk; o taraflar\u0131n kald\u0131r\u0131mlar\u0131 g\u00f6m\u00fcl\u00fcp aya\u011f\u0131n alt\u0131ndan kayarlar, k\u0131\u015f\u0131n, kenardaki di\u015fbudaklar, r\u00fczg\u00e2rda sallan\u0131p, su damlac\u0131klar\u0131n\u0131 dallar\u0131nda uzun s\u00fcre tutarlar, narin bir ho\u015fluk. Hastanenin yolu bir dizi yeni in\u015fa edilmi\u015f pansiyonun \u00f6n\u00fcnden ge\u00e7iyordu, kimisinin adlar\u0131 konmu\u015ftu, kimisi i\u00e7inse bu zahmete bile katlan\u0131lmam\u0131\u015ft\u0131. &#8220;Haftal\u0131kt\u0131&#8221; onlar, o kadar. Sava\u015f, damdan d\u00fc\u015fer gibi, bar\u0131nd\u0131rd\u0131klar\u0131 ta\u015feronlardan ve i\u015f\u00e7ilerden mahrum b\u0131rakm\u0131\u015ft\u0131 onlar\u0131. Art\u0131k \u00f6lmeye yatmaya bile d\u00f6nm\u00fcyordu kirac\u0131lar. \u00d6lmek de ba\u015fl\u0131 ba\u015f\u0131na bir i\u015ftir, ama art\u0131k o i\u015fi d\u0131\u015far\u0131da g\u00f6rmeleri gerekiyordu.<\/p>\n\n\n\n<p>Annem beni hastaneye a\u011flaya a\u011flaya g\u00f6t\u00fcrd\u00fc, bir kaza olarak \u00f6l\u00fcm\u00fcm\u00fc kabullenmi\u015fti, hatta buna raz\u0131 olmakla kalmay\u0131p, benim de onun gibi kaderime boyun e\u011fip e\u011fmedi\u011fimi merak ediyordu.&nbsp;Arts et M\u00e9tiers&#8217;nin* o g\u00fczelim metresine inand\u0131\u011f\u0131 kadar kadere de inan\u0131yordu, o metreden de bana hep sayg\u0131yla s\u00f6z ederdi, \u00e7\u00fcnk\u00fc tuhafiyecilik mesle\u011finde kulland\u0131\u011f\u0131 metrenin, bu muhte\u015fem resmi \u00f6l\u00e7\u00fcn\u00fcn t\u0131pat\u0131p ayn\u0131s\u0131 oldu\u011funu \u00f6\u011frenmi\u015fti gen\u00e7li\u011finde.<\/p>\n\n\n\n<p>Bu d\u00fc\u015fk\u00fcn k\u0131rsal b\u00f6lgenin parselleri aras\u0131nda h\u00e2l\u00e2, orda burda, birka\u00e7 tarla ve ekin vard\u0131, hatta yeni evlerin aras\u0131na s\u0131k\u0131\u015fm\u0131\u015f, bu kal\u0131nt\u0131lara s\u0131k\u0131ca sar\u0131lm\u0131\u015f bir iki ya\u015fl\u0131 k\u00f6yl\u00fc de vard\u0131. Ak\u015fam d\u00f6n\u00fc\u015f saatinden \u00f6nce zaman\u0131m\u0131z kalm\u0131\u015fsa, annemle birlikte gidip bu tuhaf k\u00f6yl\u00fclerin, bir yandan \u00f6l\u00fclerin \u00e7\u00fcr\u00fcmeye at\u0131ld\u0131\u011f\u0131 ama yine de ekmek veren, ad\u0131na da toprak denen \u015fu gev\u015fek, kesekli nesneyi bir demir par\u00e7as\u0131yla kurcalay\u0131\u015flar\u0131n\u0131 izliyorduk. &#8220;Baya\u011f\u0131 sert olsa gerek \u015fu toprak!&#8221; diyordu annem her seferinde onlar\u0131 tedirginlikle izlerken. Sefaletin yaln\u0131zca kendisininkine benzeyen bi\u00e7imini, yani kentli olan\u0131n\u0131 biliyordu, k\u0131rdakinin nas\u0131l olabilece\u011fini d\u00fc\u015flemeye \u00e7abal\u0131yordu. Bildi\u011fim kadar\u0131yla tek merak konusu buydu, annemin, bir Parar g\u00fcn\u00fc oyalanmak i\u00e7in de bu ona yetiyordu. Bunu al\u0131p kente d\u00f6n\u00fcyordu.<\/p>\n\n\n\n<p>Ne Lola&#8217;dan, ne de Musyne&#8217;den hi\u00e7 ama hi\u00e7 haber alam\u0131yordum. Anla\u015f\u0131lan i\u015fin iyi taraf\u0131nda, yani biz kurbanl\u0131k koyunlara y\u00f6nelik, g\u00fcler y\u00fczl\u00fc oldu\u011fu kadar ac\u0131mas\u0131z bir yok etme talimat\u0131n\u0131n h\u00fck\u00fcm s\u00fcrd\u00fc\u011f\u00fc tarafta kalm\u0131\u015ft\u0131, kaltaklar. \u0130kidir rehinelerin t\u0131k\u0131\u015ft\u0131r\u0131ld\u0131\u011f\u0131 yerlere y\u00f6nlendirilmi\u015f oluyordum, b\u00f6ylece. Zaman ve sab\u0131r meselesi. Kaderimiz belliydi.&#8221;<\/p>\n\n\n\n<p class=\"has-small-font-size\">(*)&nbsp;Arts et M\u00e9tiers: Paris&#8217;teki bilim ve \u00f6l\u00e7\u00fcm m\u00fczesi, ayn\u0131 zamanda meslek okulu. 1961&#8217;e kadar Fransa&#8217;n\u0131n resmi \u00f6l\u00e7\u00fcm \u015fablonu platin metre bu m\u00fczede saklan\u0131rd\u0131.<\/p>\n\n\n\n<p>Louis-Ferdinand C\u00e9line, Gecenin Sonuna Yolculuk, \u00e7ev. Yi\u011fit Bener, Yap\u0131 Kredi Yay\u0131nlar\u0131, 2018 [1932], 20. bas\u0131m, s. 118-20.<\/p>\n","protected":false},"excerpt":{"rendered":"<p>&#8220;&#8230; Annemle birlikte hastane yak\u0131nlar\u0131ndaki sokaklarda b\u00fcy\u00fck bir tur att\u0131k, bir \u00f6\u011fleden sonram\u0131z\u0131 aylak aylak y\u00fcr\u00fcyerek ge\u00e7irdik o civarlardaki sokak m\u00fcsveddelerinde, hen\u00fcz boyanmam\u0131\u015f sokak lambal\u0131 sokaklar, su s\u0131zd\u0131ran cepheler, sarkan y\u00fczlerce k\u00fc\u00e7\u00fck kuma\u015f par\u00e7as\u0131yla alacalanm\u0131\u015f pencereler, yoksullar\u0131n g\u00f6mlekleri, bir yandan da \u00f6\u011fle vaktinde c\u0131z\u0131rdayan yan\u0131k ya\u011flar\u0131n \u00e7\u0131kard\u0131\u011f\u0131 hafif sesleri dinliyorduk, o k\u00f6t\u00fc ya\u011f f\u0131rt\u0131nas\u0131n\u0131. Kenti &hellip; <a href=\"https:\/\/yalpertem.com\/blog\/2018\/08\/12\/celine-kentin-ceperlerinde-gezinti\/\" class=\"more-link\">Continue reading <span class=\"screen-reader-text\">C\u00e9line, Kentin \u00c7eperlerinde Gezinti<\/span><\/a><\/p>\n","protected":false},"author":1,"featured_media":0,"comment_status":"open","ping_status":"open","sticky":false,"template":"","format":"standard","meta":{"_jetpack_memberships_contains_paid_content":false,"footnotes":""},"categories":[33,222,30],"tags":[505,392,507],"class_list":["post-1989","post","type-post","status-publish","format-standard","hentry","category-alinti","category-kent","category-yurumek","tag-gecenin-sonuna-yolculuk","tag-louis-ferdinand-celine","tag-savas"],"aioseo_notices":[],"jetpack_featured_media_url":"","jetpack_sharing_enabled":true,"jetpack_shortlink":"https:\/\/wp.me\/p9WYIs-w5","jetpack-related-posts":[{"id":1265,"url":"https:\/\/yalpertem.com\/blog\/2018\/04\/25\/le-breton-kent-yuruyusu\/","url_meta":{"origin":1989,"position":0},"title":"Le Breton, Kent Y\u00fcr\u00fcy\u00fc\u015f\u00fc","author":"yalpertem","date":"25 April 2018","format":false,"excerpt":"\" Bir kentte yolunu bulamamak \u00e7ok da \u00f6nemli de\u011fildir. Ama bir kentte bir ormanda kaybolur gibi kaybolmak i\u00e7in e\u011fitimli olmak gerekir. Sokak adlar\u0131n\u0131n kaybolan ki\u015fiye \u00e7at\u0131rdayan kuru dallar\u0131n diliyle hitap etmesi gerekir ve kent i\u00e7indeki k\u00fc\u00e7\u00fck sokaklar bu ki\u015fiye g\u00fcn\u00fcn saatlerini bir da\u011fdaki vadi kadar a\u00e7\u0131k se\u00e7ik bi\u00e7imde yans\u0131tmal\u0131d\u0131r. Walter\u2026","rel":"","context":"In &quot;al\u0131nt\u0131&quot;","block_context":{"text":"al\u0131nt\u0131","link":"https:\/\/yalpertem.com\/blog\/category\/alinti\/"},"img":{"alt_text":"","src":"https:\/\/i0.wp.com\/yalpertem.com\/blog\/wp-content\/uploads\/2018\/04\/david-le-breton-y%C3%BCr%C3%BCmeye-%C3%B6vg%C3%BC-208x300.jpg?resize=350%2C200","width":350,"height":200},"classes":[]},{"id":1674,"url":"https:\/\/yalpertem.com\/blog\/2018\/06\/04\/demiralp-benjamin-ve-pasajlar-ve-kent-ve-aylak\/","url_meta":{"origin":1989,"position":1},"title":"Demiralp, Benjamin ve Pasajlar ve Kent ve Aylak","author":"yalpertem","date":"4 June 2018","format":false,"excerpt":"O\u011fuz Demiralp'in 49'a par\u00e7alad\u0131\u011f\u0131 denemesinden a\u015fa\u011f\u0131daki al\u0131nt\u0131 par\u00e7a Benjamin'in Pasajlar metninin tamamlanamam\u0131\u015f al\u0131nt\u0131-kitapl\u0131\u011f\u0131ndan yazar\u0131n kent ve aylak tasavvurlar\u0131na do\u011fru bir iz s\u00fcr\u00fcyor. (Onun kendi par\u00e7alad\u0131\u011f\u0131 yerden bir ad\u0131m \u00f6nce par\u00e7alay\u0131p birle\u015ftirdim al\u0131nt\u0131y\u0131). Ba\u015f kahraman Baudelaire'in yan\u0131 s\u0131ra Poe ve Auster de var Demiralp'in okudu\u011fu ba\u011flant\u0131lar aras\u0131nda, Auster'i neden bu kadar\u2026","rel":"","context":"In &quot;al\u0131nt\u0131&quot;","block_context":{"text":"al\u0131nt\u0131","link":"https:\/\/yalpertem.com\/blog\/category\/alinti\/"},"img":{"alt_text":"","src":"https:\/\/i0.wp.com\/yalpertem.com\/blog\/wp-content\/uploads\/2018\/06\/o%C4%9Fuz-demiralp-tanr%C4%B1-bak%C4%B1%C5%9Fl%C4%B1-%C3%A7ocuk-190x300.jpg?resize=350%2C200","width":350,"height":200},"classes":[]},{"id":830,"url":"https:\/\/yalpertem.com\/blog\/2018\/01\/09\/george-perec-sehre-bakan-aylak\/","url_meta":{"origin":1989,"position":2},"title":"Perec, \u015eehre Bakan Aylak \u00dczerine","author":"yalpertem","date":"9 January 2018","format":false,"excerpt":"\"Sen bir aylak, bir uyurgezersin, bir istiridyesin. Tan\u0131mlar saatlere, g\u00fcnlere g\u00f6re de\u011fi\u015fiyor ama ta\u015f\u0131d\u0131klar\u0131 anlam az \u00e7ok belli: Ya\u015faman\u0131n, harekete ge\u00e7menin, bir \u015fey yapman\u0131n pek sana g\u00f6re olmad\u0131\u011f\u0131n\u0131 hissediyorsun; sadece s\u00fcr\u00fcp gitmek istiyorsun, sadece bekleyi\u015fi ve unutu\u015fu istiyorsun. Modern ya\u015fam bu t\u00fcr e\u011filimleri genelde pek ho\u015f kar\u015f\u0131lamaz. \u00c7evrende her zaman\u2026","rel":"","context":"In &quot;al\u0131nt\u0131&quot;","block_context":{"text":"al\u0131nt\u0131","link":"https:\/\/yalpertem.com\/blog\/category\/alinti\/"},"img":{"alt_text":"","src":"https:\/\/i0.wp.com\/yalpertem.com\/blog\/wp-content\/uploads\/2016\/11\/uyuyan-adam-200x300.jpg?resize=350%2C200","width":350,"height":200},"classes":[]},{"id":1664,"url":"https:\/\/yalpertem.com\/blog\/2018\/06\/03\/ileri-kent-alintilama-erkmen-pamuk-matas\/","url_meta":{"origin":1989,"position":3},"title":"\u0130leri, Kent ve Al\u0131nt\u0131lama: Erkmen, Pamuk ve Vila-Matas","author":"yalpertem","date":"3 June 2018","format":false,"excerpt":"Dipnottaki al\u0131nt\u0131lar\u0131n al\u0131nt\u0131s\u0131. Buradan bir sayfa sonra Aylak Adam'\u0131n T\u00fcnel'deki yang\u0131n kulesi ile Tehlikeli D\u00f6n\u00fc\u015fler'e, oradan Kenarda'ya ba\u011flan\u0131yordu. Cem \u0130leri kendi ki\u015fisel kay\u0131tlar\u0131n\u0131 da kurguya sokan inan\u0131lmaz bir montaj operat\u00f6r\u00fc, okur ve yazarm\u0131\u015f. (Hen\u00fcz) Okudu\u011fum tek kitab\u0131yla entelekt\u00fcel s\u00fcper-kahramanlar\u0131m aras\u0131na girdi. \" Kente b\u00f6yle bakmaya ba\u015flay\u0131nca say\u0131s\u0131z Erkmenvari i\u015f, durum,\u2026","rel":"","context":"In &quot;al\u0131nt\u0131&quot;","block_context":{"text":"al\u0131nt\u0131","link":"https:\/\/yalpertem.com\/blog\/category\/alinti\/"},"img":{"alt_text":"","src":"https:\/\/i0.wp.com\/yalpertem.com\/blog\/wp-content\/uploads\/2018\/06\/cem-ileri-e-evi-192x300.jpg?resize=350%2C200","width":350,"height":200},"classes":[]},{"id":1846,"url":"https:\/\/yalpertem.com\/blog\/2018\/07\/08\/bauman-turistler-ve-aylaklar\/","url_meta":{"origin":1989,"position":4},"title":"Bauman, Turistler ve Aylaklar","author":"yalpertem","date":"8 July 2018","format":false,"excerpt":"\" Aylak, turistin\u00a0alter ego'sudur [di\u011fer ki\u015filik]. Ayn\u0131 zamanda, turistin en ate\u015fli hayran\u0131d\u0131r; turist hayat\u0131n\u0131n zorluklar\u0131 hakk\u0131nda yeterince konu\u015fulmad\u0131\u011f\u0131 i\u00e7in de\u011fil, daha \u00e7ok, ger\u00e7ek sorunlar\u0131 hakk\u0131nda hi\u00e7bir fikir sahibi olmad\u0131\u011f\u0131 i\u00e7in b\u00f6yledir. Ayla\u011fa, e\u011fer \u00f6zg\u00fcrce se\u00e7me \u015fans\u0131 olsayd\u0131 ne t\u00fcr bir hayat s\u00fcrmek isterdi diye sorun, alaca\u011f\u0131n\u0131z yan\u0131t, bir turist cennetinin\u2026","rel":"","context":"In &quot;al\u0131nt\u0131&quot;","block_context":{"text":"al\u0131nt\u0131","link":"https:\/\/yalpertem.com\/blog\/category\/alinti\/"},"img":{"alt_text":"","src":"https:\/\/i0.wp.com\/yalpertem.com\/blog\/wp-content\/uploads\/2018\/07\/zygmunt-bauman-k%C3%BCreselle%C5%9Fme-toplumsal-sonu%C3%A7lar%C4%B1-181x300.png?resize=350%2C200","width":350,"height":200},"classes":[]},{"id":1383,"url":"https:\/\/yalpertem.com\/blog\/2018\/05\/09\/de-certeau-kent-icinde-yurumek-gozetleyiciler-ya-da-yuruyenler\/","url_meta":{"origin":1989,"position":5},"title":"De Certeau, Kent \u0130\u00e7inde Y\u00fcr\u00fcmek (G\u00f6zetleyiciler ya da Y\u00fcr\u00fcyenler)","author":"yalpertem","date":"9 May 2018","format":false,"excerpt":"\" D\u00fcnya Ticaret Merkezi'nin 110. kat\u0131ndan Mahattan'\u0131\u00a0seyretmek. R\u00fczgarla harmanlanan sisin ard\u0131ndaki, bu kent-ada, denizin ortas\u0131ndaki bu deniz, Wall Street'in g\u00f6kdelenleriyle y\u00fckselir, Greenwich'te \u00e7ukurla\u015f\u0131r, sonra yeniden Midtown'\u0131n zirvelerinde y\u00fckselip, Central Park'ta sakinle\u015fir, d\u00fczle\u015fir ve sonunda Harlem'in \u00f6tesinde k\u00fcmelenir. Dik ve d\u00fcz \u00e7alkant\u0131lar, dalgalanmalar kenti. Ancak bu hareketlilik, k\u0131p\u0131rdanma, bir bak\u0131\u015f\u0131n alt\u0131ndayken\u2026","rel":"","context":"In &quot;al\u0131nt\u0131&quot;","block_context":{"text":"al\u0131nt\u0131","link":"https:\/\/yalpertem.com\/blog\/category\/alinti\/"},"img":{"alt_text":"","src":"https:\/\/i0.wp.com\/yalpertem.com\/blog\/wp-content\/uploads\/2018\/05\/michel-de-certeau-g%C3%BCndelik-hayat%C4%B1n-ke%C5%9Ffi-191x300.png?resize=350%2C200","width":350,"height":200},"classes":[]}],"amp_enabled":true,"_links":{"self":[{"href":"https:\/\/yalpertem.com\/blog\/wp-json\/wp\/v2\/posts\/1989","targetHints":{"allow":["GET"]}}],"collection":[{"href":"https:\/\/yalpertem.com\/blog\/wp-json\/wp\/v2\/posts"}],"about":[{"href":"https:\/\/yalpertem.com\/blog\/wp-json\/wp\/v2\/types\/post"}],"author":[{"embeddable":true,"href":"https:\/\/yalpertem.com\/blog\/wp-json\/wp\/v2\/users\/1"}],"replies":[{"embeddable":true,"href":"https:\/\/yalpertem.com\/blog\/wp-json\/wp\/v2\/comments?post=1989"}],"version-history":[{"count":0,"href":"https:\/\/yalpertem.com\/blog\/wp-json\/wp\/v2\/posts\/1989\/revisions"}],"wp:attachment":[{"href":"https:\/\/yalpertem.com\/blog\/wp-json\/wp\/v2\/media?parent=1989"}],"wp:term":[{"taxonomy":"category","embeddable":true,"href":"https:\/\/yalpertem.com\/blog\/wp-json\/wp\/v2\/categories?post=1989"},{"taxonomy":"post_tag","embeddable":true,"href":"https:\/\/yalpertem.com\/blog\/wp-json\/wp\/v2\/tags?post=1989"}],"curies":[{"name":"wp","href":"https:\/\/api.w.org\/{rel}","templated":true}]}}