{"id":1704,"date":"2018-06-07T23:30:24","date_gmt":"2018-06-07T20:30:24","guid":{"rendered":"http:\/\/yalpertem.com\/blog\/?p=1704"},"modified":"2018-06-07T23:30:58","modified_gmt":"2018-06-07T20:30:58","slug":"schopenhauer-siradan-olani-kabullenme-biyoloji","status":"publish","type":"post","link":"https:\/\/yalpertem.com\/blog\/2018\/06\/07\/schopenhauer-siradan-olani-kabullenme-biyoloji\/","title":{"rendered":"Schopenhauer, S\u0131radan Olan\u0131 Kabullenme"},"content":{"rendered":"<p><img data-recalc-dims=\"1\" loading=\"lazy\" decoding=\"async\" data-attachment-id=\"1705\" data-permalink=\"https:\/\/yalpertem.com\/blog\/2018\/06\/07\/schopenhauer-siradan-olani-kabullenme-biyoloji\/arthur-schopenhauer-seckinlik-ve-siradanlik-uzerine\/\" data-orig-file=\"https:\/\/i0.wp.com\/yalpertem.com\/blog\/wp-content\/uploads\/2018\/06\/arthur-schopenhauer-se%C3%A7kinlik-ve-s%C4%B1radanl%C4%B1k-%C3%BCzerine.jpg?fit=383%2C600&amp;ssl=1\" data-orig-size=\"383,600\" data-comments-opened=\"1\" data-image-meta=\"{&quot;aperture&quot;:&quot;0&quot;,&quot;credit&quot;:&quot;&quot;,&quot;camera&quot;:&quot;&quot;,&quot;caption&quot;:&quot;&quot;,&quot;created_timestamp&quot;:&quot;0&quot;,&quot;copyright&quot;:&quot;&quot;,&quot;focal_length&quot;:&quot;0&quot;,&quot;iso&quot;:&quot;0&quot;,&quot;shutter_speed&quot;:&quot;0&quot;,&quot;title&quot;:&quot;&quot;,&quot;orientation&quot;:&quot;0&quot;}\" data-image-title=\"arthur schopenhauer &amp;#8211; se\u00e7kinlik ve s\u0131radanl\u0131k \u00fczerine\" data-image-description=\"\" data-image-caption=\"\" data-large-file=\"https:\/\/i0.wp.com\/yalpertem.com\/blog\/wp-content\/uploads\/2018\/06\/arthur-schopenhauer-se%C3%A7kinlik-ve-s%C4%B1radanl%C4%B1k-%C3%BCzerine.jpg?fit=383%2C600&amp;ssl=1\" class=\"aligncenter wp-image-1705\" src=\"https:\/\/i0.wp.com\/yalpertem.com\/blog\/wp-content\/uploads\/2018\/06\/arthur-schopenhauer-se%C3%A7kinlik-ve-s%C4%B1radanl%C4%B1k-%C3%BCzerine.jpg?resize=250%2C392\" alt=\"\" width=\"250\" height=\"392\" srcset=\"https:\/\/i0.wp.com\/yalpertem.com\/blog\/wp-content\/uploads\/2018\/06\/arthur-schopenhauer-se%C3%A7kinlik-ve-s%C4%B1radanl%C4%B1k-%C3%BCzerine.jpg?resize=192%2C300&amp;ssl=1 192w, https:\/\/i0.wp.com\/yalpertem.com\/blog\/wp-content\/uploads\/2018\/06\/arthur-schopenhauer-se%C3%A7kinlik-ve-s%C4%B1radanl%C4%B1k-%C3%BCzerine.jpg?w=383&amp;ssl=1 383w\" sizes=\"auto, (max-width: 250px) 100vw, 250px\" \/><\/p>\n<p>&#8221;<\/p>\n<p><em>S\u0131radan<\/em> s\u00f6zc\u00fc\u011f\u00fc neden bir k\u00fc\u00e7\u00fcmseme, yahut bir hakaret ifadesidir? Ve neden &#8220;s\u0131radan olmayan&#8221; s\u00f6zc\u00fc\u011f\u00fc &#8220;fevkalade&#8221;, &#8220;m\u00fcmtaz&#8221;, &#8220;se\u00e7kin&#8221; gibi takdir ifadelerini i\u00e7inde bar\u0131nd\u0131r\u0131r? Neden s\u0131radan olan her \u015fey al\u00e7ak ve baya\u011f\u0131d\u0131r?<\/p>\n<p>Asli anlam\u0131nda\u00a0<em>s\u0131radan<\/em> s\u00f6zc\u00fc\u011f\u00fc t\u00fcm t\u00fcre \u00f6zg\u00fc ve b\u00fct\u00fcn t\u00fcr i\u00e7in ortak olan \u015fey anlam\u0131na gelir; bir ba\u015fka s\u00f6yleyi\u015fle t\u00fcr\u00fcn do\u011fu\u015ftan sahip oldu\u011fu \u015fey demektir. Bundan dolay\u0131 genel olarak insan t\u00fcr\u00fcndekilerden ba\u015fka ve daha fazla bir insan\u00a0<em>s\u0131radan insan<\/em>d\u0131r. &#8220;Mutad (yahut vasat) insan&#8221; (Fr.\u00a0<em>homme du commun<\/em>) \u00e7ok daha yumu\u015fak bir ifadedir ve daha \u00e7ok zihni nitelikleri ifade etmek i\u00e7in kullan\u0131l\u0131r, &#8220;s\u0131radan kimse&#8221; ifadesi ise daha ziyade ahlaki bir anlamda.<\/p>\n<p>T\u00fcr\u00fcn\u00fcn milyonlarca benzerinden fazla ve farkl\u0131 hi\u00e7 bir \u015feyi olmayan bir varl\u0131k ne t\u00fcr bir de\u011fere sahip olabilir? Milyonlar? Evet, tabiat\u0131n bitip t\u00fckenmez kayna\u011f\u0131ndan (\u00e7\u0131kan hava kabarc\u0131klar\u0131 gibi) ard\u0131 arkas\u0131 kesilmeksizin\u00a0<em>secula seculorum\u00a0<\/em>(3) v\u00fccuda getirdi\u011fi s\u0131n\u0131rs\u0131z, sonsuz say\u0131da varl\u0131klar; \u00f6rs\u00fcn\u00fcn etraf\u0131nda u\u00e7u\u015fan maden c\u00fcruflar\u0131 ile demirci nas\u0131l ise, tabiat da bu milyonlar bahsinde o kadar c\u00f6mert davran\u0131r.<\/p>\n<p>Dolay\u0131s\u0131yla t\u00fcr\u00fcne ait olanlardan ba\u015fka niteliklere sahip olmayan bir varl\u0131\u011f\u0131n t\u00fcrle s\u0131n\u0131rl\u0131 ve t\u00fcrce ko\u015fullanm\u0131\u015f olandan ba\u015fka bir hayata dair talepte bulunmamas\u0131 belli ki ancak do\u011fru olabilir.<\/p>\n<p>Hayvanlar sadece t\u00fcre ait ay\u0131rt edici \u00f6zelli\u011fe sahipken ferdi bir karaktere sahip olman\u0131n sadece insan\u0131n pay\u0131na d\u00fc\u015ft\u00fc\u011f\u00fcn\u00fc de\u011fi\u015fik vesilelerle daha \u00f6nce a\u00e7\u0131klam\u0131\u015ft\u0131m (4). Bununla beraber \u00e7o\u011fu insanda ger\u00e7ekte \u00e7ok \u00e7ok az ferdi bir karakter vard\u0131r ve neredeyse hepsinin belli gruplar halinde tasnif edilmesi m\u00fcmk\u00fcnd\u00fcr.\u00a0<em>Ce sont des\u00a0esp\u00e8ces\u00a0<\/em>(5). Onlar\u0131n arzular\u0131 ve d\u00fc\u015f\u00fcnceleri t\u0131pk\u0131 y\u00fczleri gibi b\u00fct\u00fcn t\u00fcr\u00fcnkiler &#8211; ve her hal\u00fck\u00e2rda mensup olduklar\u0131 s\u0131n\u0131f\u0131n\u0131nkiler gibidir ve bu y\u00fczden \u00f6nemsiz, kaale al\u0131nmaya de\u011fmez, ortak bir tabiata sahiptir ve binlerle ifade edilebilecek miktarda mevcuttur. Ayr\u0131ca kural olarak, onlar\u0131n s\u00f6yleyecekleri ve yapacaklar\u0131 \u015feyi \u00f6nceden neredeyse tam olarak s\u00f6ylemek m\u00fcmk\u00fcnd\u00fcr: onlar\u0131n kendilerine \u00f6zg\u00fc al\u00e2meti farikalar\u0131 yoktur: onlar t\u0131pk\u0131 seri imalat mamulleri gibidirler.<\/p>\n<p>\u015eu halde onlar\u0131n tabiatlar\u0131 t\u00fcr\u00fcn do\u011fas\u0131 i\u00e7erisinde kaybolmu\u015f ise e\u011fer, varl\u0131klar\u0131n\u0131n yahut hayatlar\u0131n\u0131n da b\u00f6yle olmas\u0131 icap etmez mi? S\u0131radanl\u0131\u011f\u0131n laneti insan\u0131 hayvanlar\u0131n mesabetine indirger, \u00e7\u00fcnk\u00fc onun tabiat\u0131 ve hayat\u0131 sadece t\u00fcr\u00fcnkiyle kar\u0131\u015fm\u0131\u015ft\u0131r (i\u00e7i\u00e7e ge\u00e7mi\u015ftir). S\u00f6ylemeye bile gerek yok ki tabiat\u0131 icab\u0131 ulu, muhte\u015fem veya soylu olan herhangi bir \u015fey, baya\u011f\u0131 ve ucuz olan\u0131 ifade-i\u015faret etmek i\u00e7in, yayg\u0131n olarak kullan\u0131lmas\u0131 nedeniyle zikretti\u011fim tabirden &#8211; yani\u00a0<em>s\u0131radan<\/em> s\u00f6zc\u00fc\u011f\u00fcnden daha iyisinin bulunamayaca\u011f\u0131 bir d\u00fcnyada, hayat\u0131n\u0131 yaln\u0131z ba\u015f\u0131na s\u00fcrer.<\/p>\n<p>&#8221;<\/p>\n<p>Arthur Schopenhauer, Se\u00e7kinlik ve S\u0131radanl\u0131k \u00dczerine, \u00e7ev. Ahmet Aydo\u011fan, Say Yay\u0131nlar\u0131, 2007 [?], s. 103-4.<\/p>\n<p>(3) (Birbiri ard\u0131na y\u00fczy\u0131llar boyunca.)<br \/>\n(4)\u00a0<em>Grund pr. der Ethik<\/em>, sh. 48;\u00a0<em>Die Welt als Wille und Vorstellung,\u00a0<\/em>C. i. sh. 338.<br \/>\n(5) (Onlar t\u00fcrlerdir.)<\/p>\n","protected":false},"excerpt":{"rendered":"<p>&#8221; S\u0131radan s\u00f6zc\u00fc\u011f\u00fc neden bir k\u00fc\u00e7\u00fcmseme, yahut bir hakaret ifadesidir? Ve neden &#8220;s\u0131radan olmayan&#8221; s\u00f6zc\u00fc\u011f\u00fc &#8220;fevkalade&#8221;, &#8220;m\u00fcmtaz&#8221;, &#8220;se\u00e7kin&#8221; gibi takdir ifadelerini i\u00e7inde bar\u0131nd\u0131r\u0131r? Neden s\u0131radan olan her \u015fey al\u00e7ak ve baya\u011f\u0131d\u0131r? Asli anlam\u0131nda\u00a0s\u0131radan s\u00f6zc\u00fc\u011f\u00fc t\u00fcm t\u00fcre \u00f6zg\u00fc ve b\u00fct\u00fcn t\u00fcr i\u00e7in ortak olan \u015fey anlam\u0131na gelir; bir ba\u015fka s\u00f6yleyi\u015fle t\u00fcr\u00fcn do\u011fu\u015ftan sahip oldu\u011fu \u015fey demektir. &hellip; <a href=\"https:\/\/yalpertem.com\/blog\/2018\/06\/07\/schopenhauer-siradan-olani-kabullenme-biyoloji\/\" class=\"more-link\">Continue reading <span class=\"screen-reader-text\">Schopenhauer, S\u0131radan Olan\u0131 Kabullenme<\/span><\/a><\/p>\n","protected":false},"author":1,"featured_media":0,"comment_status":"open","ping_status":"open","sticky":false,"template":"","format":"standard","meta":{"_jetpack_memberships_contains_paid_content":false,"footnotes":""},"categories":[33,101],"tags":[446,447],"class_list":["post-1704","post","type-post","status-publish","format-standard","hentry","category-alinti","category-felsefe","tag-arthur-schopenhauer","tag-seckinlik-ve-siradanlik-uzerine"],"aioseo_notices":[],"jetpack_featured_media_url":"","jetpack_sharing_enabled":true,"jetpack_shortlink":"https:\/\/wp.me\/p9WYIs-ru","jetpack-related-posts":[{"id":228,"url":"https:\/\/yalpertem.com\/blog\/2017\/08\/31\/kristeva-modern-insan-ve-ruh-uzerine\/","url_meta":{"origin":1704,"position":0},"title":"Kristeva, Modern \u0130nsan ve Ruh \u00dczerine","author":"yalpertem","date":"31 August 2017","format":false,"excerpt":"\"Kendimize bir ruh olu\u015fturmak i\u00e7in gerekli ne zaman\u0131m\u0131z ne de yerimiz var. Bu t\u00fcr bir kayg\u0131ya dair basit bir \u015f\u00fcphe bile sa\u00e7ma ve yersiz bulunuyor. Kendi kibrine ve ba\u015f\u0131na buyruklu\u011funa g\u00f6bekten ba\u011fl\u0131 modern insan, belki ac\u0131 \u00e7eken ama asla vicdan azab\u0131 duymayan bir narsisiktir [sic]. Ist\u0131rap onu bedeninde yakalar; onu\u2026","rel":"","context":"In &quot;al\u0131nt\u0131&quot;","block_context":{"text":"al\u0131nt\u0131","link":"https:\/\/yalpertem.com\/blog\/category\/alinti\/"},"img":{"alt_text":"","src":"https:\/\/i0.wp.com\/yalpertem.com\/blog\/wp-content\/uploads\/2017\/08\/ruhun-yeni-hastaliklari-julia-kristeva-200x300.jpg?resize=350%2C200","width":350,"height":200},"classes":[]},{"id":2892,"url":"https:\/\/yalpertem.com\/blog\/2019\/12\/01\/camus-romana-baslamak-veba\/","url_meta":{"origin":1704,"position":1},"title":"Camus, Romana Ba\u015flamak (Veba)","author":"yalpertem","date":"1 December 2019","format":false,"excerpt":"Veban\u0131n \u00e7\u00f6kt\u00fc\u011f\u00fc kentin salg\u0131n \u00f6ncesi tasviri, hikayenin mekan\u0131n\u0131n kurulu\u015fu. Camus yazd\u0131\u011f\u0131 az say\u0131da romana ne g\u00fczel ba\u015fl\u0131yor, ne g\u00fczel bitiriyor. Romanc\u0131 kimli\u011fi daha g\u00fcndelik ya da anl\u0131k olan\u0131n betimlemelerinde ya da tali duygular\u0131 yakalamada ne kadar -belki istemli olarak- eksikse, genel atmosferi kurmada, d\u00fc\u015f\u00fcncelerin ifadesinde o kadar g\u00fc\u00e7l\u00fc. Bir ele\u015ftirmen,\u2026","rel":"","context":"In &quot;al\u0131nt\u0131&quot;","block_context":{"text":"al\u0131nt\u0131","link":"https:\/\/yalpertem.com\/blog\/category\/alinti\/"},"img":{"alt_text":"","src":"https:\/\/i0.wp.com\/yalpertem.com\/blog\/wp-content\/uploads\/2019\/12\/albert-camus-veba-192x300.jpg?resize=350%2C200","width":350,"height":200},"classes":[]},{"id":1003,"url":"https:\/\/yalpertem.com\/blog\/2018\/03\/04\/blanchot-yazma-kitap-ve-okuma-uzerine-i\/","url_meta":{"origin":1704,"position":2},"title":"Blanchot, Yazma, Kitap ve Okuma \u00dczerine (I)","author":"yalpertem","date":"4 March 2018","format":false,"excerpt":"Bir Blanchot kitab\u0131ndan \"yaz\u0131\" \u00fczerine k\u0131sa bir pasaj al\u0131nt\u0131lamak ahmakl\u0131k. K\u00fclliyat\u0131 zaten yazmay\u0131, okumay\u0131, al\u0131nt\u0131lamay\u0131, ba\u015fka metinleri, onlar\u0131n yazarlar\u0131yla muhabbeti ku\u015fatm\u0131\u015f okur-yazardan b\u00f6ylesi bir par\u00e7a s\u00f6k\u00fcp \u00e7\u0131karmak utan\u00e7 verici. Ne okumak, ne yazmak, ne konu\u015fmak, ne var ki sadece bunlarda yatar daha \u015fimdiden s\u00f6ylenmi\u015f olandan, Bilme'den, anla\u015fmadan kurtulu\u015fumuz, verilenin belki\u2026","rel":"","context":"In &quot;al\u0131nt\u0131&quot;","block_context":{"text":"al\u0131nt\u0131","link":"https:\/\/yalpertem.com\/blog\/category\/alinti\/"},"img":{"alt_text":"","src":"https:\/\/i0.wp.com\/yalpertem.com\/blog\/wp-content\/uploads\/2018\/03\/maurice-blanchot-felaket-yazisi-198x300.jpg?resize=350%2C200","width":350,"height":200},"classes":[]},{"id":655,"url":"https:\/\/yalpertem.com\/blog\/2017\/12\/02\/marx-meta-fetisizmi-uzerine\/","url_meta":{"origin":1704,"position":3},"title":"Marx, Meta Feti\u015fizmi \u00dczerine","author":"yalpertem","date":"2 December 2017","format":false,"excerpt":"\"Bir meta, ilk bak\u0131\u015fta, kolayca anla\u015f\u0131lan s\u0131radan bir \u015fey gibi g\u00f6r\u00fcn\u00fcr. Metan\u0131n analizi, onun metafizik safsatalarla ve teolojik s\u00fcslerle dolu \u00e7ok karma\u015f\u0131k bir \u015fey oldu\u011funu g\u00f6sterir. \u0130ster sahip bulundu\u011fu \u00f6zelliklerle insan ihtiya\u00e7lar\u0131n\u0131 kar\u015f\u0131lamas\u0131, isterse bu \u00f6zellikleri yaln\u0131zca insan eme\u011finin \u00fcr\u00fcn\u00fc olarak kazanmas\u0131 a\u00e7\u0131s\u0131ndan ele alal\u0131m, meta, bir kullan\u0131m de\u011feri oldu\u011fu\u2026","rel":"","context":"In &quot;genel&quot;","block_context":{"text":"genel","link":"https:\/\/yalpertem.com\/blog\/category\/genel\/"},"img":{"alt_text":"","src":"https:\/\/i0.wp.com\/yalpertem.com\/blog\/wp-content\/uploads\/2017\/12\/karl-marx-kapital-1-200x300.jpg?resize=350%2C200","width":350,"height":200},"classes":[]},{"id":1397,"url":"https:\/\/yalpertem.com\/blog\/2018\/05\/09\/gospodinov-dogal-roman-ve-gozlemci\/","url_meta":{"origin":1704,"position":4},"title":"Gospodinov, Do\u011fal Roman ve G\u00f6zlemci","author":"yalpertem","date":"9 May 2018","format":false,"excerpt":"Do\u011fal Roman, \u00f6nemsiz bulunan ve yar\u0131-mundar \u015feyler, ve daha \u00f6nemli olan do\u011fa, evlilik, yaln\u0131zl\u0131k, edebiyat ve zavall\u0131l\u0131k \u00fczerine deneme-roman, ama yalan-roman de\u011fil. Nadiren ilgimi yitirdi\u011fim b\u00f6l\u00fcmleri olsa da Gospodinov'un 48 fragmanl\u0131k roman\u0131, beni \u00e7o\u011fu yerinde, son zamanlarda ilgimi \u00e7eken bir\u00e7ok meseleyle rab\u0131tal\u0131 oldu\u011fundan, yakalay\u0131verdi. Bir s\u00fcre \u00f6nce okusam, yar\u0131da b\u0131rakabilirdim.\u2026","rel":"","context":"In &quot;deneme&quot;","block_context":{"text":"deneme","link":"https:\/\/yalpertem.com\/blog\/category\/deneme\/"},"img":{"alt_text":"","src":"https:\/\/i0.wp.com\/yalpertem.com\/blog\/wp-content\/uploads\/2018\/05\/georgi-gospodinov-do%C4%9Fal-roman-199x300.jpg?resize=350%2C200","width":350,"height":200},"classes":[]},{"id":1216,"url":"https:\/\/yalpertem.com\/blog\/2018\/04\/19\/baker-gundelik-hayatin-imajlari\/","url_meta":{"origin":1704,"position":5},"title":"Baker, G\u00fcndelik Hayat\u0131n \u0130majlar\u0131 (Simmel, Benjamin, Vertov)","author":"yalpertem","date":"19 April 2018","format":false,"excerpt":"\" Her sosyoloji, bir zamanlar bir toplumsal tip tan\u0131mlan\u0131rken o tipin toplumsal \u00e7evresinin \u00f6nem ta\u015f\u0131mas\u0131 anlam\u0131nda, g\u00fcndelik hayat\u0131n sosyolojisidir. Bir sosyolog ge\u00e7mi\u015fi incelemeye kalk\u0131\u015ft\u0131\u011f\u0131nda, g\u00fcndelik hayatla ba\u011f\u0131 olan bir moment halen mevcuttur. G\u00fcndelik hayata ne kadar \u00e7ok n\u00fcfuz edilirse, yap\u0131lan \u00e7al\u0131\u015fma tarihsel olmak yerine o kadar \u00e7ok \"sosyolojik\" olacakt\u0131r. Duygu\u2026","rel":"","context":"In &quot;al\u0131nt\u0131&quot;","block_context":{"text":"al\u0131nt\u0131","link":"https:\/\/yalpertem.com\/blog\/category\/alinti\/"},"img":{"alt_text":"","src":"https:\/\/i0.wp.com\/yalpertem.com\/blog\/wp-content\/uploads\/2018\/04\/ulus-baker-kanaatlerden-imajlara-200x300.jpg?resize=350%2C200","width":350,"height":200},"classes":[]}],"amp_enabled":true,"_links":{"self":[{"href":"https:\/\/yalpertem.com\/blog\/wp-json\/wp\/v2\/posts\/1704","targetHints":{"allow":["GET"]}}],"collection":[{"href":"https:\/\/yalpertem.com\/blog\/wp-json\/wp\/v2\/posts"}],"about":[{"href":"https:\/\/yalpertem.com\/blog\/wp-json\/wp\/v2\/types\/post"}],"author":[{"embeddable":true,"href":"https:\/\/yalpertem.com\/blog\/wp-json\/wp\/v2\/users\/1"}],"replies":[{"embeddable":true,"href":"https:\/\/yalpertem.com\/blog\/wp-json\/wp\/v2\/comments?post=1704"}],"version-history":[{"count":0,"href":"https:\/\/yalpertem.com\/blog\/wp-json\/wp\/v2\/posts\/1704\/revisions"}],"wp:attachment":[{"href":"https:\/\/yalpertem.com\/blog\/wp-json\/wp\/v2\/media?parent=1704"}],"wp:term":[{"taxonomy":"category","embeddable":true,"href":"https:\/\/yalpertem.com\/blog\/wp-json\/wp\/v2\/categories?post=1704"},{"taxonomy":"post_tag","embeddable":true,"href":"https:\/\/yalpertem.com\/blog\/wp-json\/wp\/v2\/tags?post=1704"}],"curies":[{"name":"wp","href":"https:\/\/api.w.org\/{rel}","templated":true}]}}