{"id":1167,"date":"2018-04-18T21:58:27","date_gmt":"2018-04-18T18:58:27","guid":{"rendered":"http:\/\/yalpertem.com\/blog\/?p=1167"},"modified":"2018-04-19T00:00:41","modified_gmt":"2018-04-18T21:00:41","slug":"valery-kotu-dusunceler-ve-baskalari","status":"publish","type":"post","link":"https:\/\/yalpertem.com\/blog\/2018\/04\/18\/valery-kotu-dusunceler-ve-baskalari\/","title":{"rendered":"Val\u00e9ry, K\u00f6t\u00fc D\u00fc\u015f\u00fcnceler ve Ba\u015fkalar\u0131"},"content":{"rendered":"<p><img data-recalc-dims=\"1\" loading=\"lazy\" decoding=\"async\" data-attachment-id=\"1209\" data-permalink=\"https:\/\/yalpertem.com\/blog\/2018\/04\/18\/valery-kotu-dusunceler-ve-baskalari\/paul-valery-bugunku-dunyaya-bakis\/\" data-orig-file=\"https:\/\/i0.wp.com\/yalpertem.com\/blog\/wp-content\/uploads\/2018\/04\/paul-valery-bugunku-dunyaya-bakis.png?fit=605%2C812&amp;ssl=1\" data-orig-size=\"605,812\" data-comments-opened=\"1\" data-image-meta=\"{&quot;aperture&quot;:&quot;0&quot;,&quot;credit&quot;:&quot;&quot;,&quot;camera&quot;:&quot;&quot;,&quot;caption&quot;:&quot;&quot;,&quot;created_timestamp&quot;:&quot;0&quot;,&quot;copyright&quot;:&quot;&quot;,&quot;focal_length&quot;:&quot;0&quot;,&quot;iso&quot;:&quot;0&quot;,&quot;shutter_speed&quot;:&quot;0&quot;,&quot;title&quot;:&quot;&quot;,&quot;orientation&quot;:&quot;0&quot;}\" data-image-title=\"paul valery &amp;#8211; bugunku dunyaya bakis\" data-image-description=\"\" data-image-caption=\"\" data-large-file=\"https:\/\/i0.wp.com\/yalpertem.com\/blog\/wp-content\/uploads\/2018\/04\/paul-valery-bugunku-dunyaya-bakis.png?fit=605%2C812&amp;ssl=1\" class=\"aligncenter wp-image-1209\" src=\"https:\/\/i0.wp.com\/yalpertem.com\/blog\/wp-content\/uploads\/2018\/04\/paul-valery-bugunku-dunyaya-bakis.png?resize=275%2C369\" alt=\"\" width=\"275\" height=\"369\" srcset=\"https:\/\/i0.wp.com\/yalpertem.com\/blog\/wp-content\/uploads\/2018\/04\/paul-valery-bugunku-dunyaya-bakis.png?resize=224%2C300&amp;ssl=1 224w, https:\/\/i0.wp.com\/yalpertem.com\/blog\/wp-content\/uploads\/2018\/04\/paul-valery-bugunku-dunyaya-bakis.png?w=605&amp;ssl=1 605w\" sizes=\"auto, (max-width: 275px) 100vw, 275px\" \/><\/p>\n<p>&#8221;<\/p>\n<p>Bizim d\u00fc\u015f\u00fcncemize\u00a0<em>kendi\u00a0<\/em>d\u00fc\u015f\u00fcncemiz oldu\u011fu i\u00e7in inanmamay\u0131 \u00f6\u011frenmeliyiz. Tersine, kendi d\u00fc\u015f\u00fcncemiz oldu\u011fu i\u00e7in onu dizginlemek ve b\u00fcy\u00fck ku\u015fku ile kar\u015f\u0131lamak gerekir.<\/p>\n<p>&#8220;<em>Bizim<\/em>&#8221; &#8211; pek a\u00e7\u0131k anlaml\u0131 bir \u015fey mi bu?<\/p>\n<p><em>Bizim<\/em> dedi\u011fimiz \u015fey, bize zor ayd\u0131nlanan ve zor tutulan bir yoldan, yollar\u0131n\u00a0<em>en karanl\u0131\u011f\u0131ndan<\/em> gelen \u015feydir.<\/p>\n<p><em>Bizim<\/em> dedi\u011fimiz \u015fey,\u00a0<em>bizde<\/em> oldu\u011fu bahanesiyle her \u015feyi g\u00f6ze alan, bizimle her istedi\u011fini yapan birisine ba\u011fl\u0131d\u0131r.<\/p>\n<hr \/>\n<p>Klasisizm, romantizm, realizm, h\u00fcmanizm gibi s\u00f6zlerle\u00a0<em>cidd\u00ee olarak<\/em> d\u00fc\u015f\u00fcnmek m\u00fcmk\u00fcn de\u011fildir. \u015ei\u015feler \u00fcst\u00fcndeki etiketlerle insan ne sarho\u015f olur, ne de susuzlu\u011funu giderir.<\/p>\n<hr \/>\n<p>&#8220;Beni sev&#8221; demeyin her zaman, bir \u015feye yaramaz bu. Ama Tanr\u0131 \u00f6yle diyor.<\/p>\n<hr \/>\n<p style=\"text-align: center;\">B\u0130LGEL\u0130KLER<\/p>\n<p>Bir bilgelik a\u015fktan ka\u00e7ar<br \/>\nHayvan nas\u0131l ate\u015ften ka\u00e7arsa<br \/>\nYutulmaktan korkar<br \/>\nYanmaktan korkar<\/p>\n<p>Bir bilgelik a\u015fk\u0131 arar<br \/>\nVe d\u00fc\u015f\u00fcnen yarat\u0131k gibi<br \/>\nKa\u00e7maz, \u00fcfler ate\u015fi<br \/>\nOnunla g\u00fc\u00e7lenir, eritir demiri<\/p>\n<p>A\u015fk\u0131n g\u00fc\u00e7leri ona ge\u00e7er b\u00f6ylece<\/p>\n<hr \/>\n<p>Kimi insanlar\u0131n bizi \u00e7ok k\u00f6t\u00fc bilmeleri ho\u015fumuza gitmeli. \u00c7\u00fcnk\u00fc yamru yumru bir aynada \u00e7irkin g\u00f6r\u00fcnmek iyi bir \u015feydir.<\/p>\n<hr \/>\n<p>B\u00fct\u00fcn d\u00fc\u015fmanlar\u0131m\u0131z \u00f6l\u00fcml\u00fcd\u00fcr.<\/p>\n<hr \/>\n<p style=\"text-align: center;\">BENZE\u015eME<\/p>\n<p style=\"text-align: left;\">Meleklerin en g\u00fczeli Tanr\u0131larla e\u015fit<br \/>\n<span style=\"color: #ffffff;\">&#8230;&#8230;&#8230;&#8230;&#8230;&#8230;&#8230;&#8230;&#8230;&#8230;&#8230;&#8230;.<\/span>olmak istedi.<br \/>\n\u0130nsanlar Tanr\u0131lara benzemek<br \/>\n<span style=\"color: #ffffff;\">&#8230;&#8230;&#8230;&#8230;&#8230;&#8230;&#8230;&#8230;&#8230;&#8230;&#8230;<\/span>istediler.<br \/>\nTanr\u0131 insan k\u0131l\u0131\u011f\u0131na girdi.<br \/>\nTanr\u0131 insanlara, k\u00fc\u00e7\u00fck \u00e7ocuklara<br \/>\n<span style=\"color: #ffffff;\">&#8230;&#8230;&#8230;&#8230;&#8230;..<\/span>benzemelerini \u00f6\u011f\u00fctler.<br \/>\nB\u00f6ylece, kimse benze\u015fmeden<br \/>\n<span style=\"color: #ffffff;\">&#8230;&#8230;&#8230;&#8230;&#8230;&#8230;&#8230;&#8230;..<\/span>kurtulam\u0131yor.<\/p>\n<hr \/>\n<p>Erdemlilerde k\u00f6t\u00fcl\u00fck iyili\u011fin tuzu biberidir. Erdemsizlerde ise tam tersi.<\/p>\n<hr \/>\n<p>Umut ya\u015fat\u0131r ama gergin ip \u00fcst\u00fcnde.<\/p>\n<hr \/>\n<p>&#8220;Derdini k\u00e2\u011f\u0131da d\u00f6kmek&#8221; tuhaf bir heves. bir\u00e7ok kitab\u0131n kayna\u011f\u0131, hem de en k\u00f6t\u00fclerinin.<\/p>\n<hr \/>\n<p>D\u00fc\u015f\u00fcnenlerin de\u011feri, istediklerine g\u00f6redir.<br \/>\nNeyi istiyorsam, de\u011ferim odur.<\/p>\n<hr \/>\n<p>Hi\u00e7 bir \u015feye benzemeyen yoktur.<\/p>\n<hr \/>\n<p>En ayd\u0131nl\u0131k d\u00fc\u015f\u00fcncelerimiz, karanl\u0131k bir \u00e7aban\u0131n k\u0131zlar\u0131d\u0131r.<\/p>\n<hr \/>\n<p>D\u00e2hi insan bana biraz dehas\u0131ndan verendir.<\/p>\n<hr \/>\n<p>Her tart\u0131\u015fmada insan\u0131n savundu\u011fu bir tez de\u011fil, kendisidir.<\/p>\n<hr \/>\n<p>Ressam g\u00f6rd\u00fc\u011f\u00fcn\u00fc de\u011fil, g\u00f6r\u00fclecek olan\u0131 yapmal\u0131.<\/p>\n<hr \/>\n<p>Bir \u015fef, ba\u015fkalar\u0131na ihtiyac\u0131 olan insand\u0131r.<\/p>\n<hr \/>\n<p>Bir devlet, ya\u015fayan ve kendine kar\u015f\u0131 \u00e7\u0131kan\u0131 ne kadar koruyabiliyorsa, o kadar g\u00fc\u00e7l\u00fcd\u00fcr.<\/p>\n<hr \/>\n<p>Tanr\u0131 her \u015feyi hi\u00e7ten yaratt\u0131. Ama hi\u00e7, kendini belli ediyor.<\/p>\n<hr \/>\n<p>B\u00fct\u00fcn d\u00fcnya bir tohuma soluk verir ve bir a\u011fa\u00e7 yapar ondan.<\/p>\n<hr \/>\n<p>Ya\u015famak istiyorsan, \u00f6lmek de istiyorsun demektir. Yoksa ya\u015faman\u0131n ne oldu\u011funu kavram\u0131yorsundur.<\/p>\n<hr \/>\n<p>Herkes bir ba\u015fkas\u0131ndan bir \u015feyi saklar ve herkes kendinden bir \u015feyi saklar.<br \/>\nDemek ki, i\u00e7tenli\u011fin iki yamac\u0131 var.<\/p>\n<p>&#8221;<\/p>\n<div class=\"kno-ecr-pt kno-fb-ctx\" data-local-attribute=\"d3bn\" data-ved=\"0ahUKEwjc5a7Mv8TaAhXHIpoKHeaSDb4Q3B0IzQEoATAR\"><span data-original-name=\"Paul Val\u00e9ry\">Paul Val\u00e9ry, Bug\u00fcnk\u00fc D\u00fcnyaya [D\u00fcnyam\u0131za] Bak\u0131\u015f, \u00e7ev. Sabahattin Eyubo\u011flu &amp; Vedat G\u00fcnyol, \u00c7an Yay\u0131nlar\u0131, 1972,\u00a0<\/span>s. 75-8.<\/div>\n<div data-local-attribute=\"d3bn\" data-ved=\"0ahUKEwjc5a7Mv8TaAhXHIpoKHeaSDb4Q3B0IzQEoATAR\"><\/div>\n<div class=\"kno-ecr-pt kno-fb-ctx\" data-local-attribute=\"d3bn\" data-ved=\"0ahUKEwjc5a7Mv8TaAhXHIpoKHeaSDb4Q3B0IzQEoATAR\"><span style=\"font-size: 10pt;\">Not: \u00c7eviriye kaynak metinler: Regard Sur Le Monde Actuel (1931),\u00a0M\u00e9langes (1931), Mauvaises Pens\u00e9es et Autres (1942)<\/span><\/div>\n","protected":false},"excerpt":{"rendered":"<p>&#8221; Bizim d\u00fc\u015f\u00fcncemize\u00a0kendi\u00a0d\u00fc\u015f\u00fcncemiz oldu\u011fu i\u00e7in inanmamay\u0131 \u00f6\u011frenmeliyiz. Tersine, kendi d\u00fc\u015f\u00fcncemiz oldu\u011fu i\u00e7in onu dizginlemek ve b\u00fcy\u00fck ku\u015fku ile kar\u015f\u0131lamak gerekir. &#8220;Bizim&#8221; &#8211; pek a\u00e7\u0131k anlaml\u0131 bir \u015fey mi bu? Bizim dedi\u011fimiz \u015fey, bize zor ayd\u0131nlanan ve zor tutulan bir yoldan, yollar\u0131n\u00a0en karanl\u0131\u011f\u0131ndan gelen \u015feydir. Bizim dedi\u011fimiz \u015fey,\u00a0bizde oldu\u011fu bahanesiyle her \u015feyi g\u00f6ze alan, bizimle her &hellip; <a href=\"https:\/\/yalpertem.com\/blog\/2018\/04\/18\/valery-kotu-dusunceler-ve-baskalari\/\" class=\"more-link\">Continue reading <span class=\"screen-reader-text\">Val\u00e9ry, K\u00f6t\u00fc D\u00fc\u015f\u00fcnceler ve Ba\u015fkalar\u0131<\/span><\/a><\/p>\n","protected":false},"author":1,"featured_media":0,"comment_status":"open","ping_status":"open","sticky":false,"template":"","format":"standard","meta":{"_jetpack_memberships_contains_paid_content":false,"footnotes":""},"categories":[33,31],"tags":[322,321,320],"class_list":["post-1167","post","type-post","status-publish","format-standard","hentry","category-alinti","category-deneme","tag-aforizmalar","tag-bugunku-dunyamiza-bakis","tag-paul-valery"],"aioseo_notices":[],"jetpack_featured_media_url":"","jetpack_sharing_enabled":true,"jetpack_shortlink":"https:\/\/wp.me\/p9WYIs-iP","jetpack-related-posts":[{"id":1156,"url":"https:\/\/yalpertem.com\/blog\/2018\/04\/22\/nancy-felsefe-ozgurlugun-mantigi\/","url_meta":{"origin":1167,"position":0},"title":"Nancy, Felsefe: \u00d6zg\u00fcrl\u00fc\u011f\u00fcn Mant\u0131\u011f\u0131","author":"yalpertem","date":"22 April 2018","format":false,"excerpt":"\" Bu \u00f6teki d\u00fc\u015f\u00fcnce ile y\u00fck\u00fcml\u00fc olan kimdir? \u0130\u015flemcisi, memuru ya da \"uzman\u0131\" olan kimse yoktur. Her d\u00fc\u015f\u00fcncede bu \u00f6teki d\u00fc\u00ad\u015f\u00fcnce d\u00fc\u015f\u00fcn\u00fcr -ve bu d\u00fc\u015f\u00fcnceyi d\u00fc\u015f\u00fcn\u00fcr, yani onu tartar, onu dener, onu \u00f6zg\u00fcrl\u00fc\u011f\u00fcn s\u0131nav\u0131na sokar. \"Her d\u00fc\u015f\u00fcncede\" d\u00fc\u015f\u00fc\u00adn\u00fcr: bu, bir matematik d\u00fc\u015f\u00fcncesinde bir oyun olabilir, ya da bir politika, teknik,\u2026","rel":"","context":"In &quot;al\u0131nt\u0131&quot;","block_context":{"text":"al\u0131nt\u0131","link":"https:\/\/yalpertem.com\/blog\/category\/alinti\/"},"img":{"alt_text":"","src":"https:\/\/i0.wp.com\/yalpertem.com\/blog\/wp-content\/uploads\/2018\/04\/jean-luc-nancy-ozgurluk-deneyimi-191x300.jpg?resize=350%2C200","width":350,"height":200},"classes":[]},{"id":1359,"url":"https:\/\/yalpertem.com\/blog\/2018\/05\/07\/bernhard-yurumek-sonsuz-oykunun-acilisi\/","url_meta":{"origin":1167,"position":1},"title":"Bernhard, Y\u00fcr\u00fcmek (Sonsuz \u00d6yk\u00fcn\u00fcn A\u00e7\u0131l\u0131\u015f\u0131)","author":"yalpertem","date":"7 May 2018","format":false,"excerpt":"Nadiren Thomas Bernhard \u00f6yk\u00fcs\u00fc veya roman\u0131 okumaya ba\u015fl\u0131yorum, k\u0131sa bir s\u00fcre i\u00e7inde, belki bir saat, belki birka\u00e7 g\u00fcn sonra, ne deh\u015fet verici, ne \u00e7ekilmez bir Thomas Bernhard kitab\u0131 bu diyorum. Kelimeler ve \u015feylerin bitmek bilmeyen tekrarlar\u0131, \u00f6tekinin s\u00f6yledi\u011fini an\u0131\u015flar\u0131, kendinden bir ba\u015fkas\u0131na ondan tekrar kendine d\u00f6nen s\u00f6z ve duygu iletmeleri,\u2026","rel":"","context":"In &quot;al\u0131nt\u0131&quot;","block_context":{"text":"al\u0131nt\u0131","link":"https:\/\/yalpertem.com\/blog\/category\/alinti\/"},"img":{"alt_text":"","src":"https:\/\/i0.wp.com\/yalpertem.com\/blog\/wp-content\/uploads\/2016\/12\/thomas-bernhard-y%C3%BCr%C3%BCmek-evet-min.jpg?resize=350%2C200","width":350,"height":200},"classes":[]},{"id":2892,"url":"https:\/\/yalpertem.com\/blog\/2019\/12\/01\/camus-romana-baslamak-veba\/","url_meta":{"origin":1167,"position":2},"title":"Camus, Romana Ba\u015flamak (Veba)","author":"yalpertem","date":"1 December 2019","format":false,"excerpt":"Veban\u0131n \u00e7\u00f6kt\u00fc\u011f\u00fc kentin salg\u0131n \u00f6ncesi tasviri, hikayenin mekan\u0131n\u0131n kurulu\u015fu. Camus yazd\u0131\u011f\u0131 az say\u0131da romana ne g\u00fczel ba\u015fl\u0131yor, ne g\u00fczel bitiriyor. Romanc\u0131 kimli\u011fi daha g\u00fcndelik ya da anl\u0131k olan\u0131n betimlemelerinde ya da tali duygular\u0131 yakalamada ne kadar -belki istemli olarak- eksikse, genel atmosferi kurmada, d\u00fc\u015f\u00fcncelerin ifadesinde o kadar g\u00fc\u00e7l\u00fc. Bir ele\u015ftirmen,\u2026","rel":"","context":"In &quot;al\u0131nt\u0131&quot;","block_context":{"text":"al\u0131nt\u0131","link":"https:\/\/yalpertem.com\/blog\/category\/alinti\/"},"img":{"alt_text":"","src":"https:\/\/i0.wp.com\/yalpertem.com\/blog\/wp-content\/uploads\/2019\/12\/albert-camus-veba-192x300.jpg?resize=350%2C200","width":350,"height":200},"classes":[]},{"id":973,"url":"https:\/\/yalpertem.com\/blog\/2018\/02\/18\/adorno-horkheimer-tarihsel-imkan-calisma-bos-zaman-ve-ozgurluk-i\/","url_meta":{"origin":1167,"position":3},"title":"Adorno &#038; Horkheimer, Tarihsel \u0130mk\u00e2n, \u00c7al\u0131\u015fma, Bo\u015f Zaman ve \u00d6zg\u00fcrl\u00fck &#8211; I","author":"yalpertem","date":"18 February 2018","format":false,"excerpt":"\"(12 Mart, \u00f6\u011fleden \u00f6nce) HORKHEIMER\u2014 Teddie k\u00f6hnemi\u015f bir \u00e7ift kavram\u0131 kurtarmak istiyor: teori ve pratik. ADORNO\u2014 Yahudilerin katledilmeleri, bir kur\u015fun daha harca\u00admaya de\u011fmeyecekleri i\u00e7in canl\u0131 canl\u0131 g\u00f6m\u00fclmeleriyle, d\u00fcnya\u00ady\u0131 de\u011fi\u015ftirmesi beklenen teori aras\u0131ndaki u\u00e7urum. HORKHEIMER\u2014 Taban tabana z\u0131t iki inan\u00e7: ilerlemeye duyu\u00adlan inan\u00e7 -ki bu Marksizm i\u00e7in de ge\u00e7erli- ve tarihin\u2026","rel":"","context":"In &quot;al\u0131nt\u0131&quot;","block_context":{"text":"al\u0131nt\u0131","link":"https:\/\/yalpertem.com\/blog\/category\/alinti\/"},"img":{"alt_text":"","src":"https:\/\/i0.wp.com\/yalpertem.com\/blog\/wp-content\/uploads\/2018\/02\/adorno-horkheimer-teori-ve-pratik-uzerine-193x300.jpg?resize=350%2C200","width":350,"height":200},"classes":[]},{"id":1220,"url":"https:\/\/yalpertem.com\/blog\/2018\/04\/19\/coetzee-cumanin-deneyimsizligi\/","url_meta":{"origin":1167,"position":4},"title":"Coetzee, Cuma&#8217;n\u0131n Deneyim(sizli\u011f)i","author":"yalpertem","date":"19 April 2018","format":false,"excerpt":"\" \"Ah Cuma, bizim gibi s\u00f6zc\u00fckler d\u00fcnyas\u0131nda ya\u015fayanlar\u0131n sorular\u0131n\u0131n yan\u0131tlanmas\u0131 i\u00e7in duyduklar\u0131 iste\u011fin \u015fiddetini nas\u0131l anlayabilirsin sen? Birini \u00f6pt\u00fc\u011f\u00fcm\u00fcz zaman, \u00f6pt\u00fc\u011f\u00fcm\u00fcz ki\u015finin dudaklar\u0131n\u0131n bize yan\u0131t vermesini arzulad\u0131\u011f\u0131m\u0131z gibi bir arzu duyar\u0131z. B\u00f6yle olmasayd\u0131, krallar\u0131n, krali\u00e7elerin, tanr\u0131\u00e7alar\u0131n heykellerini \u00f6pmekle de tatmin olabilirdik. Sence neden heykelleri \u00f6pm\u00fcyoruz veya yata\u011f\u0131m\u0131za heykelleri alm\u0131yoruz. Erkekler\u2026","rel":"","context":"In &quot;al\u0131nt\u0131&quot;","block_context":{"text":"al\u0131nt\u0131","link":"https:\/\/yalpertem.com\/blog\/category\/alinti\/"},"img":{"alt_text":"","src":"https:\/\/i0.wp.com\/yalpertem.com\/blog\/wp-content\/uploads\/2018\/04\/john-maxwell-coetzee-d%C3%BC%C5%9Fman-foe-204x300.jpg?resize=350%2C200","width":350,"height":200},"classes":[]},{"id":1084,"url":"https:\/\/yalpertem.com\/blog\/2018\/03\/15\/blanchot-temel-yalnizlik-ve-dunyadaki-yalnizlik\/","url_meta":{"origin":1167,"position":5},"title":"Blanchot, Temel Yaln\u0131zl\u0131k ve D\u00fcnyadaki Yaln\u0131zl\u0131k","author":"yalpertem","date":"15 March 2018","format":false,"excerpt":"\"Yaln\u0131z oldu\u011fumda orada olan ben de\u011filim ve ne senden uzakta kal\u0131yorum, ne ba\u015fkalar\u0131ndan, ne d\u00fcnyadan. Ba\u015f\u0131na bu yaln\u0131zl\u0131k izleniminin, s\u0131n\u0131rlar\u0131ma ili\u015fkin bu duygunun, kendim olmaktan do\u011fan bu s\u0131k\u0131nt\u0131n\u0131n gelebilece\u011fi bir ki\u015fi de\u011filim. Yaln\u0131z oldu\u011fumda, orada de\u011filim. Bu, ruhsal bir durum anlam\u0131na gelmez, yitip gitmeli, bir merkezden oldu\u011fu gibi kendimden kalkarak\u2026","rel":"","context":"In &quot;al\u0131nt\u0131&quot;","block_context":{"text":"al\u0131nt\u0131","link":"https:\/\/yalpertem.com\/blog\/category\/alinti\/"},"img":{"alt_text":"","src":"https:\/\/i0.wp.com\/yalpertem.com\/blog\/wp-content\/uploads\/2018\/03\/maurice-blanchot-yaz%C4%B1nsal-uzam-188x300.jpg?resize=350%2C200","width":350,"height":200},"classes":[]}],"amp_enabled":true,"_links":{"self":[{"href":"https:\/\/yalpertem.com\/blog\/wp-json\/wp\/v2\/posts\/1167","targetHints":{"allow":["GET"]}}],"collection":[{"href":"https:\/\/yalpertem.com\/blog\/wp-json\/wp\/v2\/posts"}],"about":[{"href":"https:\/\/yalpertem.com\/blog\/wp-json\/wp\/v2\/types\/post"}],"author":[{"embeddable":true,"href":"https:\/\/yalpertem.com\/blog\/wp-json\/wp\/v2\/users\/1"}],"replies":[{"embeddable":true,"href":"https:\/\/yalpertem.com\/blog\/wp-json\/wp\/v2\/comments?post=1167"}],"version-history":[{"count":0,"href":"https:\/\/yalpertem.com\/blog\/wp-json\/wp\/v2\/posts\/1167\/revisions"}],"wp:attachment":[{"href":"https:\/\/yalpertem.com\/blog\/wp-json\/wp\/v2\/media?parent=1167"}],"wp:term":[{"taxonomy":"category","embeddable":true,"href":"https:\/\/yalpertem.com\/blog\/wp-json\/wp\/v2\/categories?post=1167"},{"taxonomy":"post_tag","embeddable":true,"href":"https:\/\/yalpertem.com\/blog\/wp-json\/wp\/v2\/tags?post=1167"}],"curies":[{"name":"wp","href":"https:\/\/api.w.org\/{rel}","templated":true}]}}